{"id":48623,"date":"2025-08-13T17:35:25","date_gmt":"2025-08-13T14:35:25","guid":{"rendered":"https:\/\/www.egemtv.com\/?p=48623"},"modified":"2025-08-13T17:35:26","modified_gmt":"2025-08-13T14:35:26","slug":"incirliova-belediyesi-10-yeni-hizmet-aracini-tanitti","status":"publish","type":"post","link":"https:\/\/www.egemtv.com\/?p=48623","title":{"rendered":"\u0130ncirliova Belediyesi 10 yeni hizmet arac\u0131n\u0131 tan\u0131tt\u0131"},"content":{"rendered":"<p>\u0130ncirliova Belediyesi, ara\u00e7 filosuna 10 yeni hizmet arac\u0131 daha katt\u0131. Belediye tarihinde ilk kez bu say\u0131da ara\u00e7 al\u0131m\u0131 ger\u00e7ekle\u015firken, Belediye ba\u015fkan\u0131 Aytekin Kaya, tamam\u0131 yerli \u00fcretim olan ara\u00e7lar\u0131n kiral\u0131k de\u011fil, belediyenin \u00f6z mal\u0131 oldu\u011funu vurgulad\u0131.<br \/>\n<br \/>\u0130l\u00e7e genelinde hizmet kalitesini art\u0131rmak ve vatanda\u015flara daha etkin hizmet sunmak amac\u0131yla Devlet Malzeme Ofisi \u00fczerinden temin edilen 9 ara\u00e7 ve cenaze nakil arac\u0131 olarak kullan\u0131lacak bir hibe ara\u00e7 d\u00fczenlenen t\u00f6renle tan\u0131t\u0131ld\u0131. Belediyenin filosuna eklenen 4 adet panelvan tipi ara\u00e7, 4 adet kamyonet, 1 adet cenaze nakil arac\u0131 ve 1 adet yerli ve milli \u00fcretim TOGG makam arac\u0131 vatanda\u015flar\u0131n incelemesi i\u00e7in Cumhuriyet Meydan\u0131\u2019na s\u0131raland\u0131.<br \/>\n<br \/>Tan\u0131t\u0131m t\u00f6renine AK Parti \u0130ncirliova \u0130l\u00e7e Ba\u015fkan\u0131 Mehmet Y\u00fczba\u015f\u0131o\u011flu, MHP \u0130ncirliova \u0130l\u00e7e Ba\u015fkan\u0131 Ercan \u00d6zdemir, Belediye Ba\u015fkan Yard\u0131mc\u0131lar\u0131 Metin Korucu, Polat Tanr\u0131kulu, \u00c7etin Bayatl\u0131 ve belediye meclis \u00fcyeleri kat\u0131ld\u0131.<br \/>\n<br \/>\u0130ncirliova Belediye Ba\u015fkan\u0131 Aytekin Kaya, tan\u0131t\u0131m program\u0131nda yapt\u0131\u011f\u0131 konu\u015fmada &#8220;T\u00fcm \u0130ncirlioval\u0131lar\u0131n eme\u011fi ve al\u0131n teri ile al\u0131nan yeni ara\u00e7lar\u0131m\u0131z il\u00e7emize hay\u0131rl\u0131 olsun. Biri hibe olan toplamda 10 arac\u0131m\u0131z da kiral\u0131k de\u011fil, \u0130ncirliovam\u0131z\u0131n \u00f6z mal\u0131d\u0131r. Bu ara\u00e7lar sayesinde belediye hizmetlerimizi daha h\u0131zl\u0131, daha verimli ve kesintisiz \u015fekilde s\u00fcrd\u00fcrece\u011fiz. Daha \u00e7ok vatanda\u015f\u0131m\u0131z\u0131n talebini yerine getirecek, hizmet i\u00e7in daha \u00e7ok haneye ula\u015faca\u011f\u0131z. Gitmedik yer, dokunmad\u0131k g\u00f6n\u00fcl b\u0131rakmadan s\u00fcrd\u00fcrd\u00fc\u011f\u00fcm\u00fcz hizmet seferberli\u011fimizde, bu yeni ara\u00e7lar\u0131m\u0131zla art\u0131k daha g\u00fc\u00e7l\u00fc, daha h\u0131zl\u0131 ve daha kararl\u0131y\u0131z.&#8221; dedi.<br \/>\n<br \/>&#8220;Belediye tarihinde ilk&#8221;<br \/>\n<br \/>Ba\u015fkan Kaya a\u00e7\u0131klamas\u0131n\u0131n devam\u0131nda, &#8220;Belediyemiz tarihinde bu say\u0131da ara\u00e7 al\u0131m\u0131 yine ilk kez bizim d\u00f6nemimizde ger\u00e7ekle\u015fti. \u0130ncirliova\u2019ya hizmet yolunda bir ilki daha ger\u00e7ekle\u015ftirmenin gururunu ya\u015f\u0131yoruz. Her biri yerli \u00fcretim ara\u00e7lar\u0131m\u0131z\u0131n belediyemize kazand\u0131r\u0131lmas\u0131nda eme\u011fi ge\u00e7en TBMM K\u0130T Komisyonu Ba\u015fkan\u0131m\u0131z ve AK Parti Ayd\u0131n Milletvekilimiz Mustafa Sava\u015f\u2019a, AK Parti Ayd\u0131n Milletvekillerimiz Seda Sar\u0131ba\u015f, \u00d6mer \u00d6zmen\u2019e, AK Parti Genel Merkez MKYK \u00dcyemiz Mehmet Umut Tuncer\u2019e, AK Parti Ayd\u0131n \u0130l Ba\u015fkan\u0131m\u0131z Mehmet Erdem\u2019e, cenaze nakil arac\u0131m\u0131z\u0131 belediyemize hibe eden Boylu ailesine ve t\u00fcm \u0130ncirliova halk\u0131na g\u00f6n\u00fclden te\u015fekk\u00fcr ediyorum&#8221; ifadelerine yer verdi.<br \/><\/p>\n","protected":false},"excerpt":{"rendered":"<p>\u0130ncirliova Belediyesi, ara\u00e7 filosuna 10 yeni hizmet arac\u0131 daha katt\u0131. Belediye tarihinde ilk kez bu say\u0131da ara\u00e7 al\u0131m\u0131 ger\u00e7ekle\u015firken, Belediye ba\u015fkan\u0131 Aytekin Kaya, tamam\u0131 yerli \u00fcretim olan ara\u00e7lar\u0131n kiral\u0131k de\u011fil, belediyenin \u00f6z mal\u0131 oldu\u011funu vurgulad\u0131. \u0130l\u00e7e genelinde hizmet kalitesini art\u0131rmak ve vatanda\u015flara daha etkin hizmet sunmak amac\u0131yla Devlet Malzeme Ofisi \u00fczerinden temin edilen 9 ara\u00e7&#8230;<\/p>\n","protected":false},"author":1,"featured_media":48624,"comment_status":"open","ping_status":"open","sticky":false,"template":"","format":"standard","meta":{"_crdt_document":"","footnotes":""},"categories":[1],"tags":[],"class_list":["post-48623","post","type-post","status-publish","format-standard","has-post-thumbnail","hentry","category-guncel"],"_links":{"self":[{"href":"https:\/\/www.egemtv.com\/index.php?rest_route=\/wp\/v2\/posts\/48623","targetHints":{"allow":["GET"]}}],"collection":[{"href":"https:\/\/www.egemtv.com\/index.php?rest_route=\/wp\/v2\/posts"}],"about":[{"href":"https:\/\/www.egemtv.com\/index.php?rest_route=\/wp\/v2\/types\/post"}],"author":[{"embeddable":true,"href":"https:\/\/www.egemtv.com\/index.php?rest_route=\/wp\/v2\/users\/1"}],"replies":[{"embeddable":true,"href":"https:\/\/www.egemtv.com\/index.php?rest_route=%2Fwp%2Fv2%2Fcomments&post=48623"}],"version-history":[{"count":1,"href":"https:\/\/www.egemtv.com\/index.php?rest_route=\/wp\/v2\/posts\/48623\/revisions"}],"predecessor-version":[{"id":48625,"href":"https:\/\/www.egemtv.com\/index.php?rest_route=\/wp\/v2\/posts\/48623\/revisions\/48625"}],"wp:featuredmedia":[{"embeddable":true,"href":"https:\/\/www.egemtv.com\/index.php?rest_route=\/wp\/v2\/media\/48624"}],"wp:attachment":[{"href":"https:\/\/www.egemtv.com\/index.php?rest_route=%2Fwp%2Fv2%2Fmedia&parent=48623"}],"wp:term":[{"taxonomy":"category","embeddable":true,"href":"https:\/\/www.egemtv.com\/index.php?rest_route=%2Fwp%2Fv2%2Fcategories&post=48623"},{"taxonomy":"post_tag","embeddable":true,"href":"https:\/\/www.egemtv.com\/index.php?rest_route=%2Fwp%2Fv2%2Ftags&post=48623"}],"curies":[{"name":"wp","href":"https:\/\/api.w.org\/{rel}","templated":true}]}}