{"id":48620,"date":"2025-08-13T17:15:00","date_gmt":"2025-08-13T14:15:00","guid":{"rendered":"https:\/\/www.egemtv.com\/?p=48620"},"modified":"2025-08-13T17:15:01","modified_gmt":"2025-08-13T14:15:01","slug":"dsi-18-bolge-muduru-erkan-basoren-tekke-kavakli-barajinda-incelemelerde-bulundu","status":"publish","type":"post","link":"https:\/\/www.egemtv.com\/?p=48620","title":{"rendered":"DS\u0130 18. B\u00f6lge M\u00fcd\u00fcr\u00fc Erkan, Ba\u015f\u00f6ren Tekke Kavakl\u0131 Baraj\u0131\u2019nda incelemelerde bulundu"},"content":{"rendered":"<p>Devlet Su \u0130\u015fleri (DS\u0130) 18. B\u00f6lge M\u00fcd\u00fcr\u00fc Osman Erkan, Afyonkarahisar\u2019\u0131n \u015euhut il\u00e7esinde yap\u0131m\u0131 devam eden Ba\u015f\u00f6ren Tekke Kavakl\u0131 Baraj\u0131 in\u015faat sahas\u0131nda incelemelerde bulundu.<br \/>\n<br \/>B\u00f6lge M\u00fcd\u00fcr\u00fc Erkan\u2019a incelemeleri s\u0131ras\u0131nda B\u00f6lge M\u00fcd\u00fcr Yard\u0131mc\u0131s\u0131 Hasan Murat Poyraz ve ilgili \u015fube m\u00fcd\u00fcrleri e\u015flik etti. Baraj sahas\u0131nda yetkililerden \u00e7al\u0131\u015fmalar hakk\u0131nda bilgi alan Erkan, proje ilerleyi\u015fi ve gelinen a\u015fama hakk\u0131nda de\u011ferlendirmelerde bulundu.<br \/>\n<br \/>Ba\u015f\u00f6ren Tekke Kavakl\u0131 Baraj\u0131\u2019n\u0131n tamamlanmas\u0131yla b\u00f6lgedeki tar\u0131msal sulama kapasitesinin art\u0131r\u0131lmas\u0131, ta\u015fk\u0131n riskinin azalt\u0131lmas\u0131 ve b\u00f6lge ekonomisine katk\u0131 sa\u011flanmas\u0131 hedefleniyor.<br \/><\/p>\n","protected":false},"excerpt":{"rendered":"<p>Devlet Su \u0130\u015fleri (DS\u0130) 18. B\u00f6lge M\u00fcd\u00fcr\u00fc Osman Erkan, Afyonkarahisar\u2019\u0131n \u015euhut il\u00e7esinde yap\u0131m\u0131 devam eden Ba\u015f\u00f6ren Tekke Kavakl\u0131 Baraj\u0131 in\u015faat sahas\u0131nda incelemelerde bulundu. B\u00f6lge M\u00fcd\u00fcr\u00fc Erkan\u2019a incelemeleri s\u0131ras\u0131nda B\u00f6lge M\u00fcd\u00fcr Yard\u0131mc\u0131s\u0131 Hasan Murat Poyraz ve ilgili \u015fube m\u00fcd\u00fcrleri e\u015flik etti. Baraj sahas\u0131nda yetkililerden \u00e7al\u0131\u015fmalar hakk\u0131nda bilgi alan Erkan, proje ilerleyi\u015fi ve gelinen a\u015fama hakk\u0131nda de\u011ferlendirmelerde&#8230;<\/p>\n","protected":false},"author":1,"featured_media":48621,"comment_status":"open","ping_status":"open","sticky":false,"template":"","format":"standard","meta":{"_crdt_document":"","footnotes":""},"categories":[1],"tags":[],"class_list":["post-48620","post","type-post","status-publish","format-standard","has-post-thumbnail","hentry","category-guncel"],"_links":{"self":[{"href":"https:\/\/www.egemtv.com\/index.php?rest_route=\/wp\/v2\/posts\/48620","targetHints":{"allow":["GET"]}}],"collection":[{"href":"https:\/\/www.egemtv.com\/index.php?rest_route=\/wp\/v2\/posts"}],"about":[{"href":"https:\/\/www.egemtv.com\/index.php?rest_route=\/wp\/v2\/types\/post"}],"author":[{"embeddable":true,"href":"https:\/\/www.egemtv.com\/index.php?rest_route=\/wp\/v2\/users\/1"}],"replies":[{"embeddable":true,"href":"https:\/\/www.egemtv.com\/index.php?rest_route=%2Fwp%2Fv2%2Fcomments&post=48620"}],"version-history":[{"count":1,"href":"https:\/\/www.egemtv.com\/index.php?rest_route=\/wp\/v2\/posts\/48620\/revisions"}],"predecessor-version":[{"id":48622,"href":"https:\/\/www.egemtv.com\/index.php?rest_route=\/wp\/v2\/posts\/48620\/revisions\/48622"}],"wp:featuredmedia":[{"embeddable":true,"href":"https:\/\/www.egemtv.com\/index.php?rest_route=\/wp\/v2\/media\/48621"}],"wp:attachment":[{"href":"https:\/\/www.egemtv.com\/index.php?rest_route=%2Fwp%2Fv2%2Fmedia&parent=48620"}],"wp:term":[{"taxonomy":"category","embeddable":true,"href":"https:\/\/www.egemtv.com\/index.php?rest_route=%2Fwp%2Fv2%2Fcategories&post=48620"},{"taxonomy":"post_tag","embeddable":true,"href":"https:\/\/www.egemtv.com\/index.php?rest_route=%2Fwp%2Fv2%2Ftags&post=48620"}],"curies":[{"name":"wp","href":"https:\/\/api.w.org\/{rel}","templated":true}]}}