{"id":48617,"date":"2025-08-13T17:14:59","date_gmt":"2025-08-13T14:14:59","guid":{"rendered":"https:\/\/www.egemtv.com\/?p=48617"},"modified":"2025-08-13T17:15:00","modified_gmt":"2025-08-13T14:15:00","slug":"manisada-fabrikada-kimyasal-zehirlenmesi-3-kisi-yaralandi","status":"publish","type":"post","link":"https:\/\/www.egemtv.com\/?p=48617","title":{"rendered":"Manisa\u2019da fabrikada kimyasal zehirlenmesi: 3 ki\u015fi yaraland\u0131"},"content":{"rendered":"<p>Manisa\u2019da \u0131s\u0131 \u00fcr\u00fcnleri ve kaplama yap\u0131lan fabrikada, kimyasal buhara maruz kalan 3 ki\u015fi hafif \u015fekilde yaralan\u0131rken hastaneye kald\u0131r\u0131lan yaral\u0131lar\u0131n durumlar\u0131n\u0131n iyi oldu\u011fu \u00f6\u011frenildi.<br \/>\n<br \/>Olay, Manisa Organize Sanayi B\u00f6lgesi\u2019nde bulunan \u0131s\u0131 \u00fcr\u00fcnleri kaplamas\u0131 yapan fabrikada meydana geldi. Edinilen bilgiye g\u00f6re, kimyasal kar\u0131\u015f\u0131m\u0131 s\u0131ras\u0131nda \u00e7\u0131kan buhardan etkilenen 3 ki\u015fi fenala\u015f\u0131nca durum 112 Acil Servis ekiplerine bildirildi. Haber verilmesi \u00fczerine olay yerine Manisa B\u00fcy\u00fck\u015fehir Belediyesi \u0130tfaiye Dairesi Ba\u015fkanl\u0131\u011f\u0131\u2019na ba\u011fl\u0131 ekip ile \u00e7ok say\u0131da ambulans ile polis ve AFAD sevk edildi. Ekipler taraf\u0131ndan olay yerinde ilk m\u00fcdahaleleri yap\u0131lan yaral\u0131lar ambulansla hastaneye sevk edildi.<br \/>\n<br \/>Yaral\u0131lar\u0131n sa\u011fl\u0131k durumlar\u0131n\u0131n iyi oldu\u011fu \u00f6\u011frenilirken olayla ilgili soru\u015fturma ba\u015flat\u0131ld\u0131.<br \/><\/p>\n","protected":false},"excerpt":{"rendered":"<p>Manisa\u2019da \u0131s\u0131 \u00fcr\u00fcnleri ve kaplama yap\u0131lan fabrikada, kimyasal buhara maruz kalan 3 ki\u015fi hafif \u015fekilde yaralan\u0131rken hastaneye kald\u0131r\u0131lan yaral\u0131lar\u0131n durumlar\u0131n\u0131n iyi oldu\u011fu \u00f6\u011frenildi. Olay, Manisa Organize Sanayi B\u00f6lgesi\u2019nde bulunan \u0131s\u0131 \u00fcr\u00fcnleri kaplamas\u0131 yapan fabrikada meydana geldi. Edinilen bilgiye g\u00f6re, kimyasal kar\u0131\u015f\u0131m\u0131 s\u0131ras\u0131nda \u00e7\u0131kan buhardan etkilenen 3 ki\u015fi fenala\u015f\u0131nca durum 112 Acil Servis ekiplerine bildirildi. Haber&#8230;<\/p>\n","protected":false},"author":1,"featured_media":48618,"comment_status":"open","ping_status":"open","sticky":false,"template":"","format":"standard","meta":{"_crdt_document":"","footnotes":""},"categories":[5],"tags":[],"class_list":["post-48617","post","type-post","status-publish","format-standard","has-post-thumbnail","hentry","category-asayis"],"_links":{"self":[{"href":"https:\/\/www.egemtv.com\/index.php?rest_route=\/wp\/v2\/posts\/48617","targetHints":{"allow":["GET"]}}],"collection":[{"href":"https:\/\/www.egemtv.com\/index.php?rest_route=\/wp\/v2\/posts"}],"about":[{"href":"https:\/\/www.egemtv.com\/index.php?rest_route=\/wp\/v2\/types\/post"}],"author":[{"embeddable":true,"href":"https:\/\/www.egemtv.com\/index.php?rest_route=\/wp\/v2\/users\/1"}],"replies":[{"embeddable":true,"href":"https:\/\/www.egemtv.com\/index.php?rest_route=%2Fwp%2Fv2%2Fcomments&post=48617"}],"version-history":[{"count":1,"href":"https:\/\/www.egemtv.com\/index.php?rest_route=\/wp\/v2\/posts\/48617\/revisions"}],"predecessor-version":[{"id":48619,"href":"https:\/\/www.egemtv.com\/index.php?rest_route=\/wp\/v2\/posts\/48617\/revisions\/48619"}],"wp:featuredmedia":[{"embeddable":true,"href":"https:\/\/www.egemtv.com\/index.php?rest_route=\/wp\/v2\/media\/48618"}],"wp:attachment":[{"href":"https:\/\/www.egemtv.com\/index.php?rest_route=%2Fwp%2Fv2%2Fmedia&parent=48617"}],"wp:term":[{"taxonomy":"category","embeddable":true,"href":"https:\/\/www.egemtv.com\/index.php?rest_route=%2Fwp%2Fv2%2Fcategories&post=48617"},{"taxonomy":"post_tag","embeddable":true,"href":"https:\/\/www.egemtv.com\/index.php?rest_route=%2Fwp%2Fv2%2Ftags&post=48617"}],"curies":[{"name":"wp","href":"https:\/\/api.w.org\/{rel}","templated":true}]}}