{"id":48614,"date":"2025-08-13T16:54:43","date_gmt":"2025-08-13T13:54:43","guid":{"rendered":"https:\/\/www.egemtv.com\/?p=48614"},"modified":"2025-08-13T16:54:43","modified_gmt":"2025-08-13T13:54:43","slug":"chp-aydinda-olaganustu-toplandi","status":"publish","type":"post","link":"https:\/\/www.egemtv.com\/?p=48614","title":{"rendered":"CHP Ayd\u0131n\u2019da ola\u011fan\u00fcst\u00fc topland\u0131"},"content":{"rendered":"<p>Ayd\u0131n B\u00fcy\u00fck\u015fehir Belediye Ba\u015fkan\u0131 \u00d6zlem \u00c7er\u00e7io\u011flu\u2019nun, \u00fc\u00e7 il\u00e7e belediye ba\u015fkan\u0131yla birlikte AK Parti\u2019ye ge\u00e7ece\u011fi iddialar\u0131 \u00fczerine CHP Yerel Y\u00f6netimlerden Sorumlu Genel Ba\u015fkan Yard\u0131mc\u0131s\u0131 G\u00f6khan Zeybek, Ayd\u0131n\u2019a geldi ve parti y\u00f6neticileri ile ola\u011fan\u00fcst\u00fc toplant\u0131 d\u00fczenledi. Zeybek, toplant\u0131 \u00f6ncesi a\u00e7\u0131klama yapmazken toplant\u0131 sonras\u0131 CHP\u2019den ayr\u0131lanlara \u2018geri d\u00f6n\u00fcn\u2019 \u00e7a\u011fr\u0131s\u0131 yapt\u0131.<br \/>\n<br \/>Ayd\u0131n ve \u00fclke kamuoyunda bir s\u00fcredir konu\u015fulan B\u00fcy\u00fck\u015fehir Belediye Ba\u015fkan\u0131 \u00d6zlem \u00c7er\u00e7io\u011flu\u2019nun; Yenipazar Belediye Ba\u015fkan\u0131 Malik Ercan, Sultanhisar Belediye Ba\u015fkan\u0131 Osman Y\u0131ld\u0131r\u0131mkaya, S\u00f6ke Belediye Ba\u015fkan\u0131 Mustafa \u0130berya Ar\u0131kan ve baz\u0131 belediye meclis \u00fcyeleriyle birlikte AK Parti\u2019ye ge\u00e7ece\u011fi iddias\u0131 \u00fclke siyasetinin en \u00f6nemli g\u00fcndem maddesi haline geldi.  CHP Ayd\u0131n \u0130l Ba\u015fkanl\u0131\u011f\u0131 geli\u015fmeler \u00fczerine d\u00fcn \u00f6\u011fleden sonra parti y\u00f6neticileri ve baz\u0131 belediye ba\u015fkanlar\u0131 ile bas\u0131na kapal\u0131 toplant\u0131 ger\u00e7ekle\u015ftirdi. Toplant\u0131 sonunda bas\u0131na ve kamuoyuna herhangi bir a\u00e7\u0131klama yap\u0131lmazken bug\u00fcn CHP\u2019nin Yerel Y\u00f6netimlerden Sorumlu Genel Ba\u015fkan Yard\u0131mc\u0131s\u0131 G\u00f6khan Zeybek, Ayd\u0131n\u2019a gelerek parti binas\u0131nda bir toplant\u0131 d\u00fczenledi. Toplant\u0131ya parti y\u00f6netiminden baz\u0131 isimlerin yan\u0131 s\u0131ra Ayd\u0131n\u2019dan 10 belediye ba\u015fkan\u0131n\u0131n kat\u0131ld\u0131\u011f\u0131 belirtildi.<br \/>\n<br \/>Bas\u0131na kapal\u0131 olarak yakla\u015f\u0131k 2 saat s\u00fcren toplant\u0131n\u0131n ard\u0131ndan ilk a\u00e7\u0131klamas\u0131n\u0131 yapan CHP Yerel Y\u00f6netimlerden Sorumlu Genel Ba\u015fkan Yard\u0131mc\u0131s\u0131 G\u00f6khan Zeybek, partiden istifa edenler i\u00e7in \u2018geri d\u00f6n\u00fcn\u2019 \u00e7a\u011fr\u0131s\u0131 yapt\u0131.<br \/><\/p>\n","protected":false},"excerpt":{"rendered":"<p>Ayd\u0131n B\u00fcy\u00fck\u015fehir Belediye Ba\u015fkan\u0131 \u00d6zlem \u00c7er\u00e7io\u011flu\u2019nun, \u00fc\u00e7 il\u00e7e belediye ba\u015fkan\u0131yla birlikte AK Parti\u2019ye ge\u00e7ece\u011fi iddialar\u0131 \u00fczerine CHP Yerel Y\u00f6netimlerden Sorumlu Genel Ba\u015fkan Yard\u0131mc\u0131s\u0131 G\u00f6khan Zeybek, Ayd\u0131n\u2019a geldi ve parti y\u00f6neticileri ile ola\u011fan\u00fcst\u00fc toplant\u0131 d\u00fczenledi. Zeybek, toplant\u0131 \u00f6ncesi a\u00e7\u0131klama yapmazken toplant\u0131 sonras\u0131 CHP\u2019den ayr\u0131lanlara \u2018geri d\u00f6n\u00fcn\u2019 \u00e7a\u011fr\u0131s\u0131 yapt\u0131. Ayd\u0131n ve \u00fclke kamuoyunda bir s\u00fcredir konu\u015fulan B\u00fcy\u00fck\u015fehir&#8230;<\/p>\n","protected":false},"author":1,"featured_media":48615,"comment_status":"open","ping_status":"open","sticky":false,"template":"","format":"standard","meta":{"_crdt_document":"","footnotes":""},"categories":[127],"tags":[],"class_list":["post-48614","post","type-post","status-publish","format-standard","has-post-thumbnail","hentry","category-siyaset"],"_links":{"self":[{"href":"https:\/\/www.egemtv.com\/index.php?rest_route=\/wp\/v2\/posts\/48614","targetHints":{"allow":["GET"]}}],"collection":[{"href":"https:\/\/www.egemtv.com\/index.php?rest_route=\/wp\/v2\/posts"}],"about":[{"href":"https:\/\/www.egemtv.com\/index.php?rest_route=\/wp\/v2\/types\/post"}],"author":[{"embeddable":true,"href":"https:\/\/www.egemtv.com\/index.php?rest_route=\/wp\/v2\/users\/1"}],"replies":[{"embeddable":true,"href":"https:\/\/www.egemtv.com\/index.php?rest_route=%2Fwp%2Fv2%2Fcomments&post=48614"}],"version-history":[{"count":1,"href":"https:\/\/www.egemtv.com\/index.php?rest_route=\/wp\/v2\/posts\/48614\/revisions"}],"predecessor-version":[{"id":48616,"href":"https:\/\/www.egemtv.com\/index.php?rest_route=\/wp\/v2\/posts\/48614\/revisions\/48616"}],"wp:featuredmedia":[{"embeddable":true,"href":"https:\/\/www.egemtv.com\/index.php?rest_route=\/wp\/v2\/media\/48615"}],"wp:attachment":[{"href":"https:\/\/www.egemtv.com\/index.php?rest_route=%2Fwp%2Fv2%2Fmedia&parent=48614"}],"wp:term":[{"taxonomy":"category","embeddable":true,"href":"https:\/\/www.egemtv.com\/index.php?rest_route=%2Fwp%2Fv2%2Fcategories&post=48614"},{"taxonomy":"post_tag","embeddable":true,"href":"https:\/\/www.egemtv.com\/index.php?rest_route=%2Fwp%2Fv2%2Ftags&post=48614"}],"curies":[{"name":"wp","href":"https:\/\/api.w.org\/{rel}","templated":true}]}}