{"id":4860,"date":"2025-01-08T10:54:28","date_gmt":"2025-01-08T07:54:28","guid":{"rendered":"https:\/\/www.egemtv.com\/?p=4860"},"modified":"2025-01-08T10:54:32","modified_gmt":"2025-01-08T07:54:32","slug":"baskan-zencirciden-organik-pazara-davet","status":"publish","type":"post","link":"https:\/\/www.egemtv.com\/?p=4860","title":{"rendered":"Ba\u015fkan Zencirci\u2019den organik pazara davet"},"content":{"rendered":"<p>Ayd\u0131n B\u00fcy\u00fck\u015fehir Belediyesi\u2019nin katk\u0131s\u0131yla Germencik Belediyesi taraf\u0131ndan 2019 y\u0131l\u0131nda a\u00e7\u0131lan Selatin Organik K\u00f6y Pazar\u0131\u2019na ilgi her ge\u00e7en g\u00fcn artarken, Belediye Ba\u015fkan\u0131 Burak Zencirci, pazar\u0131n \u00f6nemine dikkat \u00e7ekerek herkesi organik k\u00f6y pazar\u0131na davet etti.<\/p>\n<p>Ayd\u0131n\u2019\u0131n Germencik il\u00e7esinde 2019 y\u0131l\u0131nda a\u00e7\u0131lan ve pandemi sebebiyle bir s\u00fcre ara verildikten sonra tekrar 2021 y\u0131l\u0131nda yeniden hizmete a\u00e7\u0131lan Selatin Organik K\u00f6y Pazar\u0131, il\u00e7e ekonomisine katk\u0131 sa\u011flamaya devam ediyor. Hem halk\u0131n \u00fcretime te\u015fvik edilmesi hem de il\u00e7enin tan\u0131t\u0131m\u0131na katk\u0131 sa\u011flamas\u0131 hedefiyle a\u00e7\u0131lan organik k\u00f6y pazar\u0131na ilgi her ge\u00e7en g\u00fcn artarken, Germencik Belediye Ba\u015fkan\u0131 Burak Zencirci, pazar\u0131n \u00f6nemine dikkat \u00e7ekti.<\/p>\n<p>D\u0131\u015far\u0131dan \u00fcr\u00fcn ve pazarc\u0131 esnaf\u0131 kabul edilmeyen, sadece k\u00f6yde yeti\u015fen ve \u00fcretilen do\u011fal \u00fcr\u00fcnlerin yer ald\u0131\u011f\u0131 pazara gelen misafirler, ayn\u0131 zamanda k\u00f6y\u00fcn simgesi olan 800 ya\u015f\u0131ndaki ulu \u00e7\u0131nar\u0131n g\u00f6lgesinde de kahvalt\u0131lar\u0131n\u0131 yapabilme imkan\u0131 buluyor.<\/p>\n<p>Her Pazar g\u00fcn\u00fc kurulan k\u00f6y pazar\u0131na vatanda\u015flar\u0131 davet eden Ba\u015fkan Zencirci, sosyal medya \u00fczerinden yapt\u0131\u011f\u0131 davette \u201cGermencik Belediye Ba\u015fkan\u0131 Burak Zencirci; \u201cOrganik \u00fcr\u00fcnlerin kad\u0131n eme\u011fiyle bulu\u015fup lezzete d\u00f6n\u00fc\u015ft\u00fc\u011f\u00fc, e\u015fsiz do\u011fas\u0131 ve tabiat\u0131n en g\u00fczel renkleriyle sizleri her Pazar, Selatin K\u00f6y Pazar\u0131\u2019na bekliyoruz\u201d ifadelerine yer verdi.<br \/>\n<br \/><img fetchpriority=\"high\" decoding=\"async\" width=\"1066\" height=\"711\" src=\"https:\/\/www.egemtv.com\/wp-content\/uploads\/2025\/01\/baskan-zencirciden-organik-pazara-davet_c723ef1a7c71.jpg\" class=\"attachment-full size-full not-transparent\" alt=\"\" data-has-transparency=\"false\" data-dominant-color=\"756460\" style=\"--dominant-color: #756460\" \/><\/p>\n","protected":false},"excerpt":{"rendered":"<p>Ayd\u0131n B\u00fcy\u00fck\u015fehir Belediyesi\u2019nin katk\u0131s\u0131yla Germencik Belediyesi taraf\u0131ndan 2019 y\u0131l\u0131nda a\u00e7\u0131lan Selatin Organik K\u00f6y Pazar\u0131\u2019na ilgi her ge\u00e7en g\u00fcn artarken, Belediye Ba\u015fkan\u0131 Burak Zencirci, pazar\u0131n \u00f6nemine dikkat \u00e7ekerek herkesi organik k\u00f6y pazar\u0131na davet etti. Ayd\u0131n\u2019\u0131n Germencik il\u00e7esinde 2019 y\u0131l\u0131nda a\u00e7\u0131lan ve pandemi sebebiyle bir s\u00fcre ara verildikten sonra tekrar 2021 y\u0131l\u0131nda yeniden hizmete a\u00e7\u0131lan Selatin Organik&#8230;<\/p>\n","protected":false},"author":1,"featured_media":4861,"comment_status":"open","ping_status":"open","sticky":false,"template":"","format":"standard","meta":{"_crdt_document":"","footnotes":""},"categories":[1],"tags":[],"class_list":["post-4860","post","type-post","status-publish","format-standard","has-post-thumbnail","hentry","category-guncel"],"_links":{"self":[{"href":"https:\/\/www.egemtv.com\/index.php?rest_route=\/wp\/v2\/posts\/4860","targetHints":{"allow":["GET"]}}],"collection":[{"href":"https:\/\/www.egemtv.com\/index.php?rest_route=\/wp\/v2\/posts"}],"about":[{"href":"https:\/\/www.egemtv.com\/index.php?rest_route=\/wp\/v2\/types\/post"}],"author":[{"embeddable":true,"href":"https:\/\/www.egemtv.com\/index.php?rest_route=\/wp\/v2\/users\/1"}],"replies":[{"embeddable":true,"href":"https:\/\/www.egemtv.com\/index.php?rest_route=%2Fwp%2Fv2%2Fcomments&post=4860"}],"version-history":[{"count":1,"href":"https:\/\/www.egemtv.com\/index.php?rest_route=\/wp\/v2\/posts\/4860\/revisions"}],"predecessor-version":[{"id":4863,"href":"https:\/\/www.egemtv.com\/index.php?rest_route=\/wp\/v2\/posts\/4860\/revisions\/4863"}],"wp:featuredmedia":[{"embeddable":true,"href":"https:\/\/www.egemtv.com\/index.php?rest_route=\/wp\/v2\/media\/4861"}],"wp:attachment":[{"href":"https:\/\/www.egemtv.com\/index.php?rest_route=%2Fwp%2Fv2%2Fmedia&parent=4860"}],"wp:term":[{"taxonomy":"category","embeddable":true,"href":"https:\/\/www.egemtv.com\/index.php?rest_route=%2Fwp%2Fv2%2Fcategories&post=4860"},{"taxonomy":"post_tag","embeddable":true,"href":"https:\/\/www.egemtv.com\/index.php?rest_route=%2Fwp%2Fv2%2Ftags&post=4860"}],"curies":[{"name":"wp","href":"https:\/\/api.w.org\/{rel}","templated":true}]}}