{"id":48593,"date":"2025-08-13T15:35:44","date_gmt":"2025-08-13T12:35:44","guid":{"rendered":"https:\/\/www.egemtv.com\/?p=48593"},"modified":"2025-08-13T15:35:44","modified_gmt":"2025-08-13T12:35:44","slug":"chp-aydin-il-genclik-kollari-baskani-kilic-istifasini-acikladi","status":"publish","type":"post","link":"https:\/\/www.egemtv.com\/?p=48593","title":{"rendered":"CHP Ayd\u0131n \u0130l Gen\u00e7lik Kollar\u0131 Ba\u015fkan\u0131 K\u0131l\u0131\u00e7 istifas\u0131n\u0131 a\u00e7\u0131klad\u0131"},"content":{"rendered":"<p>Cumhuriyet Halk Partisi (CHP) Ayd\u0131n \u0130l Gen\u00e7lik Kollar\u0131 Ba\u015fkan\u0131 Sosyal K\u0131l\u0131\u00e7, g\u00f6revinden ve parti \u00fcyeli\u011finden istifa etti\u011fini a\u00e7\u0131klad\u0131.<br \/>\n<br \/>CHP \u0130l Genlik Kollar\u0131 Ba\u015fkan\u0131 Sosyal K\u0131l\u0131\u00e7, sosyal medyadan yapt\u0131\u011f\u0131 a\u00e7\u0131klamada, iki d\u00f6nem \u00fcst \u00fcste CHP Ayd\u0131n \u0130l Gen\u00e7lik Kollar\u0131 Ba\u015fkan\u0131 olarak se\u00e7ildi\u011fini hat\u0131rlatarak, &#8220;Bu s\u00fcre\u00e7 zarf\u0131nda inand\u0131\u011f\u0131m ilkeler u\u011frunda durmaks\u0131z\u0131n \u00e7al\u0131\u015ft\u0131m. Ancak gerek parti i\u00e7inde g\u00f6rd\u00fc\u011f\u00fcm ard\u0131 arkas\u0131 kesilmeyen anti demokratik uygulamalar, gerekse de g\u00f6rev yapt\u0131\u011f\u0131m s\u00fcre boyunca bizlere aidiyet duygusunu bir kere bile hissettirmeyen, bize asla sahip \u00e7\u0131kmayan milletvekillerinin tutumlar\u0131, art\u0131k bizlerin Cumhuriyet Halk Partisi\u2019nde siyaset yapabilmemizi imkans\u0131z k\u0131lm\u0131\u015ft\u0131r&#8221; ifadelerini kulland\u0131.<br \/>\n<br \/>K\u0131l\u0131\u00e7, istifas\u0131n\u0131n herhangi bir bask\u0131yla de\u011fil, kendi h\u00fcr iradesiyle oldu\u011funu vurgulayarak, &#8220;B\u00fct\u00fcn bu nedenlerle Cumhuriyet Halk Partisi Gen\u00e7lik Kollar\u0131 Ayd\u0131n \u0130l Ba\u015fkanl\u0131\u011f\u0131\u2019ndan ve Cumhuriyet Halk Partisi \u00fcyeli\u011finden istifa ediyorum&#8221; dedi.<br \/><\/p>\n","protected":false},"excerpt":{"rendered":"<p>Cumhuriyet Halk Partisi (CHP) Ayd\u0131n \u0130l Gen\u00e7lik Kollar\u0131 Ba\u015fkan\u0131 Sosyal K\u0131l\u0131\u00e7, g\u00f6revinden ve parti \u00fcyeli\u011finden istifa etti\u011fini a\u00e7\u0131klad\u0131. CHP \u0130l Genlik Kollar\u0131 Ba\u015fkan\u0131 Sosyal K\u0131l\u0131\u00e7, sosyal medyadan yapt\u0131\u011f\u0131 a\u00e7\u0131klamada, iki d\u00f6nem \u00fcst \u00fcste CHP Ayd\u0131n \u0130l Gen\u00e7lik Kollar\u0131 Ba\u015fkan\u0131 olarak se\u00e7ildi\u011fini hat\u0131rlatarak, &#8220;Bu s\u00fcre\u00e7 zarf\u0131nda inand\u0131\u011f\u0131m ilkeler u\u011frunda durmaks\u0131z\u0131n \u00e7al\u0131\u015ft\u0131m. Ancak gerek parti i\u00e7inde g\u00f6rd\u00fc\u011f\u00fcm&#8230;<\/p>\n","protected":false},"author":1,"featured_media":48594,"comment_status":"open","ping_status":"open","sticky":false,"template":"","format":"standard","meta":{"_crdt_document":"","footnotes":""},"categories":[127],"tags":[],"class_list":["post-48593","post","type-post","status-publish","format-standard","has-post-thumbnail","hentry","category-siyaset"],"_links":{"self":[{"href":"https:\/\/www.egemtv.com\/index.php?rest_route=\/wp\/v2\/posts\/48593","targetHints":{"allow":["GET"]}}],"collection":[{"href":"https:\/\/www.egemtv.com\/index.php?rest_route=\/wp\/v2\/posts"}],"about":[{"href":"https:\/\/www.egemtv.com\/index.php?rest_route=\/wp\/v2\/types\/post"}],"author":[{"embeddable":true,"href":"https:\/\/www.egemtv.com\/index.php?rest_route=\/wp\/v2\/users\/1"}],"replies":[{"embeddable":true,"href":"https:\/\/www.egemtv.com\/index.php?rest_route=%2Fwp%2Fv2%2Fcomments&post=48593"}],"version-history":[{"count":1,"href":"https:\/\/www.egemtv.com\/index.php?rest_route=\/wp\/v2\/posts\/48593\/revisions"}],"predecessor-version":[{"id":48595,"href":"https:\/\/www.egemtv.com\/index.php?rest_route=\/wp\/v2\/posts\/48593\/revisions\/48595"}],"wp:featuredmedia":[{"embeddable":true,"href":"https:\/\/www.egemtv.com\/index.php?rest_route=\/wp\/v2\/media\/48594"}],"wp:attachment":[{"href":"https:\/\/www.egemtv.com\/index.php?rest_route=%2Fwp%2Fv2%2Fmedia&parent=48593"}],"wp:term":[{"taxonomy":"category","embeddable":true,"href":"https:\/\/www.egemtv.com\/index.php?rest_route=%2Fwp%2Fv2%2Fcategories&post=48593"},{"taxonomy":"post_tag","embeddable":true,"href":"https:\/\/www.egemtv.com\/index.php?rest_route=%2Fwp%2Fv2%2Ftags&post=48593"}],"curies":[{"name":"wp","href":"https:\/\/api.w.org\/{rel}","templated":true}]}}