{"id":48587,"date":"2025-08-13T15:15:06","date_gmt":"2025-08-13T12:15:06","guid":{"rendered":"https:\/\/www.egemtv.com\/?p=48587"},"modified":"2025-08-13T15:15:07","modified_gmt":"2025-08-13T12:15:07","slug":"somadaki-orman-yangininda-sogutma-calismalari-suruyor","status":"publish","type":"post","link":"https:\/\/www.egemtv.com\/?p=48587","title":{"rendered":"Soma\u2019daki orman yang\u0131n\u0131nda so\u011futma \u00e7al\u0131\u015fmalar\u0131 s\u00fcr\u00fcyor"},"content":{"rendered":"<p>Manisa\u2019n\u0131n Soma il\u00e7esi Turgutalp Mahallesi\u2019nde 11 A\u011fustos\u2019ta \u00e7\u0131kan orman yang\u0131n\u0131, ekiplerin havadan ve karadan yo\u011fun m\u00fcdahalesiyle d\u00fcn kontrol alt\u0131na al\u0131n\u0131rken, b\u00f6lgede so\u011futma \u00e7al\u0131\u015fmalar\u0131 s\u00fcr\u00fcyor.<br \/>\n<br \/>Edinilen bilgiye g\u00f6re, Turgutalp Mahallesi\u2019ndeki yang\u0131n ihbar\u0131 \u00fczerine b\u00f6lgeye \u00e7ok say\u0131da ekip sevk edildi. Yang\u0131na m\u00fcdahalede \u00e7ok say\u0131da hava arac\u0131n\u0131n yan\u0131 s\u0131ra \u0130zmir Orman B\u00f6lge M\u00fcd\u00fcrl\u00fc\u011f\u00fc\u2019ne ait 20 araz\u00f6z, 7 su tankeri ile 2 adet 28 tonluk su tankeri, 10 teknik personel, 6 dozer, 2 ekskavat\u00f6r ile Manisa B\u00fcy\u00fck\u015fehir Belediyesi\u2019ne ba\u011fl\u0131 12 itfaiye arac\u0131 g\u00f6rev ald\u0131. Yang\u0131n\u0131n kontrol alt\u0131na al\u0131nmas\u0131n\u0131n ard\u0131ndan ekipler, yeniden alevlenme riskine kar\u015f\u0131 so\u011futma \u00e7al\u0131\u015fmalar\u0131na ba\u015flad\u0131. B\u00f6lgede tedbirler art\u0131r\u0131l\u0131rken, yang\u0131n\u0131n \u00e7\u0131k\u0131\u015f sebebine ili\u015fkin incelemelerin s\u00fcrd\u00fc\u011f\u00fc \u00f6\u011frenildi. Soma Belediye Ba\u015fkan\u0131 Sercan Okur yapt\u0131\u011f\u0131 a\u00e7\u0131klamada, yang\u0131nla m\u00fccadelede g\u00f6rev alan t\u00fcm personele ve destek veren kurumlara te\u015fekk\u00fcr ederek, &#8220;Fedakarca \u00e7al\u0131\u015fan t\u00fcm personelimize ve destek veren kurumlar\u0131m\u0131za te\u015fekk\u00fcr ediyor, hem\u015fehrilerimize ge\u00e7mi\u015f olsun dileklerimi iletiyorum. Unutmayal\u0131m; tek bir k\u0131v\u0131lc\u0131m, binlerce a\u011fac\u0131 yok edebilir. Do\u011fam\u0131z\u0131 korumak hepimizin sorumlulu\u011fu&#8221; ifadelerini kulland\u0131.<br \/>\n<br \/>Yetkililer, vatanda\u015flara ormanl\u0131k alanlarda daha dikkatli olunmas\u0131 konusunda uyar\u0131larda bulundu.<br \/><\/p>\n","protected":false},"excerpt":{"rendered":"<p>Manisa\u2019n\u0131n Soma il\u00e7esi Turgutalp Mahallesi\u2019nde 11 A\u011fustos\u2019ta \u00e7\u0131kan orman yang\u0131n\u0131, ekiplerin havadan ve karadan yo\u011fun m\u00fcdahalesiyle d\u00fcn kontrol alt\u0131na al\u0131n\u0131rken, b\u00f6lgede so\u011futma \u00e7al\u0131\u015fmalar\u0131 s\u00fcr\u00fcyor. Edinilen bilgiye g\u00f6re, Turgutalp Mahallesi\u2019ndeki yang\u0131n ihbar\u0131 \u00fczerine b\u00f6lgeye \u00e7ok say\u0131da ekip sevk edildi. Yang\u0131na m\u00fcdahalede \u00e7ok say\u0131da hava arac\u0131n\u0131n yan\u0131 s\u0131ra \u0130zmir Orman B\u00f6lge M\u00fcd\u00fcrl\u00fc\u011f\u00fc\u2019ne ait 20 araz\u00f6z, 7 su&#8230;<\/p>\n","protected":false},"author":1,"featured_media":48588,"comment_status":"open","ping_status":"open","sticky":false,"template":"","format":"standard","meta":{"_crdt_document":"","footnotes":""},"categories":[5],"tags":[],"class_list":["post-48587","post","type-post","status-publish","format-standard","has-post-thumbnail","hentry","category-asayis"],"_links":{"self":[{"href":"https:\/\/www.egemtv.com\/index.php?rest_route=\/wp\/v2\/posts\/48587","targetHints":{"allow":["GET"]}}],"collection":[{"href":"https:\/\/www.egemtv.com\/index.php?rest_route=\/wp\/v2\/posts"}],"about":[{"href":"https:\/\/www.egemtv.com\/index.php?rest_route=\/wp\/v2\/types\/post"}],"author":[{"embeddable":true,"href":"https:\/\/www.egemtv.com\/index.php?rest_route=\/wp\/v2\/users\/1"}],"replies":[{"embeddable":true,"href":"https:\/\/www.egemtv.com\/index.php?rest_route=%2Fwp%2Fv2%2Fcomments&post=48587"}],"version-history":[{"count":1,"href":"https:\/\/www.egemtv.com\/index.php?rest_route=\/wp\/v2\/posts\/48587\/revisions"}],"predecessor-version":[{"id":48589,"href":"https:\/\/www.egemtv.com\/index.php?rest_route=\/wp\/v2\/posts\/48587\/revisions\/48589"}],"wp:featuredmedia":[{"embeddable":true,"href":"https:\/\/www.egemtv.com\/index.php?rest_route=\/wp\/v2\/media\/48588"}],"wp:attachment":[{"href":"https:\/\/www.egemtv.com\/index.php?rest_route=%2Fwp%2Fv2%2Fmedia&parent=48587"}],"wp:term":[{"taxonomy":"category","embeddable":true,"href":"https:\/\/www.egemtv.com\/index.php?rest_route=%2Fwp%2Fv2%2Fcategories&post=48587"},{"taxonomy":"post_tag","embeddable":true,"href":"https:\/\/www.egemtv.com\/index.php?rest_route=%2Fwp%2Fv2%2Ftags&post=48587"}],"curies":[{"name":"wp","href":"https:\/\/api.w.org\/{rel}","templated":true}]}}