{"id":48584,"date":"2025-08-13T15:15:05","date_gmt":"2025-08-13T12:15:05","guid":{"rendered":"https:\/\/www.egemtv.com\/?p=48584"},"modified":"2025-08-13T15:15:06","modified_gmt":"2025-08-13T12:15:06","slug":"kaymakam-taskin-yenikoyde-vatandaslarla-bulustu","status":"publish","type":"post","link":"https:\/\/www.egemtv.com\/?p=48584","title":{"rendered":"Kaymakam Ta\u015fk\u0131n Yenik\u00f6y\u2019de vatanda\u015flarla bulu\u015ftu"},"content":{"rendered":"<p>Ayd\u0131n\u2019\u0131n Ko\u00e7arl\u0131 il\u00e7esinde Kaymakam Ramazan Ta\u015fk\u0131n, kurum amirleri ile birlikte Yenik\u00f6y Mahallesi\u2019ni ziyaret ederek muhtar, esnaf ve vatanda\u015flarla bir araya geldi.<\/p>\n<p>Mahallede vatanda\u015flarla sohbet eden Kaymakam Ta\u015fk\u0131n, talep ve ihtiya\u00e7lar\u0131 dinledi. Esnaflar\u0131 ziyaret eden Ta\u015fk\u0131n hay\u0131rl\u0131 i\u015fler bol kazan\u00e7lar diledi. Mahalle Muhtar\u0131 ile de g\u00f6r\u00fc\u015fen Kaymakam Ta\u015fk\u0131n, vatanda\u015flar\u0131n taleplerinin kar\u015f\u0131lanmas\u0131 i\u00e7in ilgili kurumlarla koordinasyon i\u00e7inde \u00e7al\u0131\u015facaklar\u0131n\u0131 belirtti. Ziyarete il\u00e7e kurum amirleri de kat\u0131l\u0131rken, mahalle sakinleri ziyaretleri i\u00e7in Kaymakam Ta\u015fk\u0131n\u2019a te\u015fekk\u00fcr etti.<br \/><\/p>\n","protected":false},"excerpt":{"rendered":"<p>Ayd\u0131n\u2019\u0131n Ko\u00e7arl\u0131 il\u00e7esinde Kaymakam Ramazan Ta\u015fk\u0131n, kurum amirleri ile birlikte Yenik\u00f6y Mahallesi\u2019ni ziyaret ederek muhtar, esnaf ve vatanda\u015flarla bir araya geldi. Mahallede vatanda\u015flarla sohbet eden Kaymakam Ta\u015fk\u0131n, talep ve ihtiya\u00e7lar\u0131 dinledi. Esnaflar\u0131 ziyaret eden Ta\u015fk\u0131n hay\u0131rl\u0131 i\u015fler bol kazan\u00e7lar diledi. Mahalle Muhtar\u0131 ile de g\u00f6r\u00fc\u015fen Kaymakam Ta\u015fk\u0131n, vatanda\u015flar\u0131n taleplerinin kar\u015f\u0131lanmas\u0131 i\u00e7in ilgili kurumlarla koordinasyon i\u00e7inde&#8230;<\/p>\n","protected":false},"author":1,"featured_media":48585,"comment_status":"open","ping_status":"open","sticky":false,"template":"","format":"standard","meta":{"_crdt_document":"","footnotes":""},"categories":[1],"tags":[],"class_list":["post-48584","post","type-post","status-publish","format-standard","has-post-thumbnail","hentry","category-guncel"],"_links":{"self":[{"href":"https:\/\/www.egemtv.com\/index.php?rest_route=\/wp\/v2\/posts\/48584","targetHints":{"allow":["GET"]}}],"collection":[{"href":"https:\/\/www.egemtv.com\/index.php?rest_route=\/wp\/v2\/posts"}],"about":[{"href":"https:\/\/www.egemtv.com\/index.php?rest_route=\/wp\/v2\/types\/post"}],"author":[{"embeddable":true,"href":"https:\/\/www.egemtv.com\/index.php?rest_route=\/wp\/v2\/users\/1"}],"replies":[{"embeddable":true,"href":"https:\/\/www.egemtv.com\/index.php?rest_route=%2Fwp%2Fv2%2Fcomments&post=48584"}],"version-history":[{"count":1,"href":"https:\/\/www.egemtv.com\/index.php?rest_route=\/wp\/v2\/posts\/48584\/revisions"}],"predecessor-version":[{"id":48586,"href":"https:\/\/www.egemtv.com\/index.php?rest_route=\/wp\/v2\/posts\/48584\/revisions\/48586"}],"wp:featuredmedia":[{"embeddable":true,"href":"https:\/\/www.egemtv.com\/index.php?rest_route=\/wp\/v2\/media\/48585"}],"wp:attachment":[{"href":"https:\/\/www.egemtv.com\/index.php?rest_route=%2Fwp%2Fv2%2Fmedia&parent=48584"}],"wp:term":[{"taxonomy":"category","embeddable":true,"href":"https:\/\/www.egemtv.com\/index.php?rest_route=%2Fwp%2Fv2%2Fcategories&post=48584"},{"taxonomy":"post_tag","embeddable":true,"href":"https:\/\/www.egemtv.com\/index.php?rest_route=%2Fwp%2Fv2%2Ftags&post=48584"}],"curies":[{"name":"wp","href":"https:\/\/api.w.org\/{rel}","templated":true}]}}