{"id":48554,"date":"2025-08-13T12:54:52","date_gmt":"2025-08-13T09:54:52","guid":{"rendered":"https:\/\/www.egemtv.com\/?p=48554"},"modified":"2025-08-13T12:54:53","modified_gmt":"2025-08-13T09:54:53","slug":"aydinda-su-kitligi-ciftcilerin-mesai-saatlerini-degistirdi","status":"publish","type":"post","link":"https:\/\/www.egemtv.com\/?p=48554","title":{"rendered":"Ayd\u0131n\u2019da su k\u0131tl\u0131\u011f\u0131 \u00e7ift\u00e7ilerin mesai saatlerini de\u011fi\u015ftirdi"},"content":{"rendered":"<p>T\u00fcrkiye\u2019de sulu tar\u0131m\u0131n en \u00f6nemli merkezlerinden biri olan Ayd\u0131n ovas\u0131nda ya\u015fanan kurakl\u0131k \u00e7ift\u00e7ilerin \u00fcr\u00fcn desenini ve mesai saatlerini de\u011fi\u015ftirdi. Ovada \u00e7ift\u00e7iler tar\u0131msal sulama i\u00e7in sal\u0131nan suyun buharla\u015fma kayb\u0131n\u0131 bile \u00f6nlemek i\u00e7in sulama i\u015flemlerini g\u00fcne\u015f do\u011fmadan ya da batt\u0131ktan sonra yapmaya ba\u015flad\u0131.<br \/>\n<br \/>Ayd\u0131n \u0130ncirliova \u0130l\u00e7esi\u2019ne ba\u011fl\u0131 Acarlar mahallesinde sebze ve meyve yeti\u015ftiren \u00e7ift\u00e7iler, her ge\u00e7en g\u00fcn azalan su kaynaklar\u0131na kar\u015f\u0131 suyu tasarruflu kullanmak ve kaynaklar\u0131 korumak amac\u0131yla \u00e7al\u0131\u015fma saatlerinde de\u011fi\u015fikli\u011fe gittiler.<br \/>\n<br \/>&#8220;Suyun hayat kayna\u011f\u0131 oldu\u011funu daha da ge\u00e7 olmadan \u00f6\u011frenmeliyiz&#8221;<br \/>\n<br \/>Bir zamanlar ta\u015fk\u0131nlarla m\u00fccadele edilen Ayd\u0131n Ovas\u0131\u2019nda son y\u0131llarda kurakl\u0131kla m\u00fccadele verildi\u011fini belirten Acarlarl\u0131 \u00e7ift\u00e7ilerden Serkan Burak, &#8220;Eskiden g\u00fcnd\u00fcz saati artezyeni \u00e7al\u0131\u015ft\u0131r\u0131p sal\u0131verdi\u011fimiz su ile tarlay\u0131 sulard\u0131k. Ancak son y\u0131llarda kuyulardaki su seviyesi s\u00fcrekli d\u00fc\u015ft\u00fc\u011f\u00fc gibi DS\u0130\u2019ye ait kanallardan da su gelmez oldu. Art\u0131k g\u00fcnd\u00fcz yapt\u0131\u011f\u0131m\u0131z sulamada buharla\u015fma ile suyun eksilmemesi i\u00e7in sulama i\u015flemlerini geceleri ya da sabah erken veya ak\u015fam ge\u00e7 saatlerde yap\u0131yoruz&#8221; dedi.<br \/><\/p>\n","protected":false},"excerpt":{"rendered":"<p>T\u00fcrkiye\u2019de sulu tar\u0131m\u0131n en \u00f6nemli merkezlerinden biri olan Ayd\u0131n ovas\u0131nda ya\u015fanan kurakl\u0131k \u00e7ift\u00e7ilerin \u00fcr\u00fcn desenini ve mesai saatlerini de\u011fi\u015ftirdi. Ovada \u00e7ift\u00e7iler tar\u0131msal sulama i\u00e7in sal\u0131nan suyun buharla\u015fma kayb\u0131n\u0131 bile \u00f6nlemek i\u00e7in sulama i\u015flemlerini g\u00fcne\u015f do\u011fmadan ya da batt\u0131ktan sonra yapmaya ba\u015flad\u0131. Ayd\u0131n \u0130ncirliova \u0130l\u00e7esi\u2019ne ba\u011fl\u0131 Acarlar mahallesinde sebze ve meyve yeti\u015ftiren \u00e7ift\u00e7iler, her ge\u00e7en g\u00fcn&#8230;<\/p>\n","protected":false},"author":1,"featured_media":48555,"comment_status":"open","ping_status":"open","sticky":false,"template":"","format":"standard","meta":{"_crdt_document":"","footnotes":""},"categories":[1],"tags":[],"class_list":["post-48554","post","type-post","status-publish","format-standard","has-post-thumbnail","hentry","category-guncel"],"_links":{"self":[{"href":"https:\/\/www.egemtv.com\/index.php?rest_route=\/wp\/v2\/posts\/48554","targetHints":{"allow":["GET"]}}],"collection":[{"href":"https:\/\/www.egemtv.com\/index.php?rest_route=\/wp\/v2\/posts"}],"about":[{"href":"https:\/\/www.egemtv.com\/index.php?rest_route=\/wp\/v2\/types\/post"}],"author":[{"embeddable":true,"href":"https:\/\/www.egemtv.com\/index.php?rest_route=\/wp\/v2\/users\/1"}],"replies":[{"embeddable":true,"href":"https:\/\/www.egemtv.com\/index.php?rest_route=%2Fwp%2Fv2%2Fcomments&post=48554"}],"version-history":[{"count":1,"href":"https:\/\/www.egemtv.com\/index.php?rest_route=\/wp\/v2\/posts\/48554\/revisions"}],"predecessor-version":[{"id":48556,"href":"https:\/\/www.egemtv.com\/index.php?rest_route=\/wp\/v2\/posts\/48554\/revisions\/48556"}],"wp:featuredmedia":[{"embeddable":true,"href":"https:\/\/www.egemtv.com\/index.php?rest_route=\/wp\/v2\/media\/48555"}],"wp:attachment":[{"href":"https:\/\/www.egemtv.com\/index.php?rest_route=%2Fwp%2Fv2%2Fmedia&parent=48554"}],"wp:term":[{"taxonomy":"category","embeddable":true,"href":"https:\/\/www.egemtv.com\/index.php?rest_route=%2Fwp%2Fv2%2Fcategories&post=48554"},{"taxonomy":"post_tag","embeddable":true,"href":"https:\/\/www.egemtv.com\/index.php?rest_route=%2Fwp%2Fv2%2Ftags&post=48554"}],"curies":[{"name":"wp","href":"https:\/\/api.w.org\/{rel}","templated":true}]}}