{"id":48551,"date":"2025-08-13T12:35:30","date_gmt":"2025-08-13T09:35:30","guid":{"rendered":"https:\/\/www.egemtv.com\/?p=48551"},"modified":"2025-08-13T12:35:30","modified_gmt":"2025-08-13T09:35:30","slug":"baskan-tatik-borc-ile-aldigimiz-tavas-belediyesinin-suanda-borcu-yoktur","status":"publish","type":"post","link":"https:\/\/www.egemtv.com\/?p=48551","title":{"rendered":"Ba\u015fkan Tat\u0131k; &#8220;Bor\u00e7 ile ald\u0131\u011f\u0131m\u0131z Tavas Belediyesinin \u015fuanda borcu yoktur&#8221;"},"content":{"rendered":"<p>Tavas Belediye Ba\u015fkan\u0131 Kadir Tat\u0131k, g\u00f6rev s\u00fcresince siyasetten uzak durdu\u011funu, siyasi ayr\u0131mc\u0131l\u0131k yapt\u0131\u011f\u0131 iddia edip ispatlayan olursa istifa dilek\u00e7esini yazaca\u011f\u0131n\u0131 s\u00f6yledi. Ayr\u0131ca Belediyeyi 75 milyon TL bor\u00e7la devrald\u0131klar\u0131n\u0131 ancak \u015fu anda borcun kalmad\u0131\u011f\u0131n\u0131 belirten Ba\u015fkan Tat\u0131k, &#8220;Tavas Belediye b\u00fct\u00e7esinden herhangibi bir \u00f6deme yapmadan bir festival d\u00f6nemi ge\u00e7irdik&#8221; dedi.<\/p>\n<p>Tavas Belediye Ba\u015fkan\u0131 Kadir Tat\u0131k, \u00f6nemli a\u00e7\u0131klamalarda bulundu. Ba\u015fkan Kadir Tat\u0131k, g\u00f6rev s\u00fcresince siyasetten uzak durdu\u011funu, siyasi ayr\u0131mc\u0131l\u0131k yapt\u0131\u011f\u0131 iddia edip ispatlayan olursa istifa dilek\u00e7esini yazaca\u011f\u0131n\u0131 s\u00f6yledi. Belediyeyi 75 milyon TL bor\u00e7la devrald\u0131klar\u0131n\u0131 ancak \u015fu anda borcun kalmad\u0131\u011f\u0131n\u0131 belirten Ba\u015fkan Tat\u0131k, sosyal belediyecilik anlay\u0131\u015f\u0131yla kre\u015f, restoran ve modern ya\u015fam alan\u0131 gibi projeleri hayata ge\u00e7ireceklerini ve \u00e7al\u0131\u015fmalar\u0131 devam edeceklerini belirtti. D\u00fczenledikleri festivallerde belediye b\u00fct\u00e7esinden harcama yapmad\u0131klar\u0131n\u0131 vurgulayan Ba\u015fkan Tat\u0131k, ama\u00e7lar\u0131n\u0131n Tavas\u2019\u0131 t\u00fcm T\u00fcrkiye\u2019ye tan\u0131tmak oldu\u011funu ifade etti.<\/p>\n<p>&#8220;Zerre siyaset yapmadan belediye ba\u015fkanl\u0131\u011f\u0131 y\u00fcr\u00fctt\u00fcm&#8221;<br \/>\n<br \/>Belediye Ba\u015fkanl\u0131\u011f\u0131 s\u00fcresinde siyaset yapmad\u0131\u011f\u0131n\u0131, siyasi ayr\u0131\u015ft\u0131rma yapt\u0131\u011f\u0131n\u0131 iddia eden ve ispatlayan olursa da istifa dilek\u00e7esi yazaca\u011f\u0131n\u0131 konusunda net oldu\u011funu ifade eden Tavas Belediye Ba\u015fkan\u0131 Kadir Tat\u0131k, &#8220;B\u00fct\u00fcn kalbimle s\u00f6yl\u00fcyorum, zerre siyaset yapmadan belediye ba\u015fkanl\u0131\u011f\u0131 y\u00fcr\u00fctt\u00fcm. Hatta iddial\u0131y\u0131m, siyasi ayr\u0131\u015ft\u0131rma yapt\u0131\u011f\u0131m\u0131 iddia eden veya ispatlayan birisi olursa yazar\u0131m istifa dilek\u00e7emi \u00e7\u0131kar giderim, bu kadar netim bu konuda.  \u00c7\u00fcnk\u00fc biz halka hizmet etmek i\u00e7in se\u00e7ildik. Bize \u0130ller Bankas\u0131 (\u0130LBANK) para g\u00f6nderirken bu AKP\u2019lilerin, MHP\u2019lilerin, \u0130Y\u0130 Parti\u2019nin, CHP\u2019nin paras\u0131 diye g\u00f6ndermiyor. Bu halk\u0131n paras\u0131 diye g\u00f6nderiyor. Bizde halka hizmet etmekle m\u00fckellefiz. Bu inan\u00e7la \u00e7al\u0131\u015f\u0131yoruz&#8221; diye konu\u015ftu.<\/p>\n<p>&#8220;Bor\u00e7 ile ald\u0131\u011f\u0131m\u0131z Tavas Belediyesi\u2019nin \u015fuanda borcu yoktur&#8221;<br \/>\n<br \/>Tavas Belediyesi\u2019ni kazand\u0131klar\u0131ndan bor\u00e7la devrald\u0131klar\u0131n\u0131 ama \u015fuanda borcun bulunmad\u0131\u011f\u0131n\u0131 dile getiren Ba\u015fkan Tat\u0131k, &#8220;Biz, Tavas Belediyesine ald\u0131\u011f\u0131m\u0131zda ciddi bir \u015fekilde bor\u00e7 ile devrald\u0131k. 61 milyon ve gelen faturalarla 75 milyona \u00e7\u0131kan bir bor\u00e7 ile devrald\u0131k. \u015euanda rakam vermeyece\u011fim ama borcumuz yok. \u00c7ok keyifli bir belediye hizmeti y\u00fcr\u00fct\u00fcyoruz&#8221; dedi.<\/p>\n<p>&#8220;Sosyal Belediyecilik anlay\u0131\u015f\u0131m\u0131z ile projelerimizi devam ediyoruz&#8221;<br \/>\n<br \/>Projeleri hayata ge\u00e7irdiklerini ve sosyal anlamda halk ile bulu\u015fturmaya devam edeceklerini belirten Ba\u015fkan Tat\u0131k, &#8220;Projeleri hayata ge\u00e7irmeye ba\u015flad\u0131k. \u0130n\u015fallah 60 ila 80 \u00f6\u011frencilik bir kre\u015f a\u00e7aca\u011f\u0131z. Cezaevine restore ettik oraya \u00e7ok g\u00fczel bir \u015fekilde vatanda\u015flar\u0131m\u0131z\u0131 hizmet sunabilece\u011fimiz restoran in\u015fa ediyoruz. Ba\u011flar yolunu modern bir hale getirip orada yaz\u0131n da k\u0131\u015f\u0131n da insanlar\u0131n oturabilece\u011fi bir alan in\u015fa edece\u011fiz. Sosyal anlamda halk\u0131m\u0131z i\u00e7in projelere devam edece\u011fiz&#8221; ifadelerini kulland\u0131.<\/p>\n<p>&#8220;D\u00fczenledi\u011fimiz festivallerde Tavas Belediyesi\u2019nin b\u00fct\u00e7esinden hi\u00e7 harcamad\u0131k&#8221;<br \/>\n<br \/>Ba\u015fkan se\u00e7ildikten sonra d\u00fczenlenen festivallerde Tavas Belediyesi\u2019nin b\u00fct\u00e7esinden \u00f6deme yapmad\u0131klar\u0131n\u0131 belirten Ba\u015fkan Tat\u0131k, &#8220;\u0130lk se\u00e7ildi\u011fimizde kendime ait acemilik d\u00f6nemim olmas\u0131na ra\u011fmen ekibimizle beraber \u00e7ok g\u00fczel bir festival d\u00f6nemi ge\u00e7irdik. Tavas Belediye b\u00fct\u00e7esinden herhangibi bir \u00f6deme yapmadan bir festival d\u00f6nemi ge\u00e7irdik. Bu y\u0131l da ay\u0131 \u015fekilde \u00e7ok g\u00fczel haz\u0131rland\u0131k. Festivallerin amac\u0131 birinci \u00f6nceli\u011fi Tavas\u2019\u0131 tan\u0131tmakt\u0131. Amac\u0131m\u0131z Tavas\u2019\u0131 t\u00fcm T\u00fcrkiye\u2019ye tan\u0131tmakt\u0131r&#8221; dedi.<br \/><\/p>\n","protected":false},"excerpt":{"rendered":"<p>Tavas Belediye Ba\u015fkan\u0131 Kadir Tat\u0131k, g\u00f6rev s\u00fcresince siyasetten uzak durdu\u011funu, siyasi ayr\u0131mc\u0131l\u0131k yapt\u0131\u011f\u0131 iddia edip ispatlayan olursa istifa dilek\u00e7esini yazaca\u011f\u0131n\u0131 s\u00f6yledi. Ayr\u0131ca Belediyeyi 75 milyon TL bor\u00e7la devrald\u0131klar\u0131n\u0131 ancak \u015fu anda borcun kalmad\u0131\u011f\u0131n\u0131 belirten Ba\u015fkan Tat\u0131k, &#8220;Tavas Belediye b\u00fct\u00e7esinden herhangibi bir \u00f6deme yapmadan bir festival d\u00f6nemi ge\u00e7irdik&#8221; dedi. Tavas Belediye Ba\u015fkan\u0131 Kadir Tat\u0131k, \u00f6nemli a\u00e7\u0131klamalarda&#8230;<\/p>\n","protected":false},"author":1,"featured_media":48552,"comment_status":"open","ping_status":"open","sticky":false,"template":"","format":"standard","meta":{"_crdt_document":"","footnotes":""},"categories":[127],"tags":[],"class_list":["post-48551","post","type-post","status-publish","format-standard","has-post-thumbnail","hentry","category-siyaset"],"_links":{"self":[{"href":"https:\/\/www.egemtv.com\/index.php?rest_route=\/wp\/v2\/posts\/48551","targetHints":{"allow":["GET"]}}],"collection":[{"href":"https:\/\/www.egemtv.com\/index.php?rest_route=\/wp\/v2\/posts"}],"about":[{"href":"https:\/\/www.egemtv.com\/index.php?rest_route=\/wp\/v2\/types\/post"}],"author":[{"embeddable":true,"href":"https:\/\/www.egemtv.com\/index.php?rest_route=\/wp\/v2\/users\/1"}],"replies":[{"embeddable":true,"href":"https:\/\/www.egemtv.com\/index.php?rest_route=%2Fwp%2Fv2%2Fcomments&post=48551"}],"version-history":[{"count":1,"href":"https:\/\/www.egemtv.com\/index.php?rest_route=\/wp\/v2\/posts\/48551\/revisions"}],"predecessor-version":[{"id":48553,"href":"https:\/\/www.egemtv.com\/index.php?rest_route=\/wp\/v2\/posts\/48551\/revisions\/48553"}],"wp:featuredmedia":[{"embeddable":true,"href":"https:\/\/www.egemtv.com\/index.php?rest_route=\/wp\/v2\/media\/48552"}],"wp:attachment":[{"href":"https:\/\/www.egemtv.com\/index.php?rest_route=%2Fwp%2Fv2%2Fmedia&parent=48551"}],"wp:term":[{"taxonomy":"category","embeddable":true,"href":"https:\/\/www.egemtv.com\/index.php?rest_route=%2Fwp%2Fv2%2Fcategories&post=48551"},{"taxonomy":"post_tag","embeddable":true,"href":"https:\/\/www.egemtv.com\/index.php?rest_route=%2Fwp%2Fv2%2Ftags&post=48551"}],"curies":[{"name":"wp","href":"https:\/\/api.w.org\/{rel}","templated":true}]}}