{"id":48548,"date":"2025-08-13T12:35:29","date_gmt":"2025-08-13T09:35:29","guid":{"rendered":"https:\/\/www.egemtv.com\/?p=48548"},"modified":"2025-08-13T12:35:29","modified_gmt":"2025-08-13T09:35:29","slug":"simavda-yaz-kuran-kursu-kapanis-programi","status":"publish","type":"post","link":"https:\/\/www.egemtv.com\/?p=48548","title":{"rendered":"Simav\u2019da Yaz Kur\u2019an Kursu kapan\u0131\u015f program\u0131"},"content":{"rendered":"<p>Simav \u0130l\u00e7e M\u00fcft\u00fcl\u00fc\u011f\u00fcne ba\u011fl\u0131 Halila\u011fa Camii Yaz Kur\u2019an kursunda kapan\u0131\u015f program\u0131 d\u00fczenlendi.<br \/>\n<br \/>Program, Halila\u011fa Camii \u00f6n\u00fcnde Belediye Meydan\u0131\u2019nda ger\u00e7ekle\u015ftirildi. \u0130l\u00e7e M\u00fcft\u00fcs\u00fc Hasan Ser\u00e7e, veliler ve vatanda\u015flar programa kat\u0131l\u0131m sa\u011flad\u0131. \u00d6\u011frencilerin Kur\u2019an-\u0131 Kerim okuyup ilahiler s\u00f6yledi\u011fi ve haz\u0131rlad\u0131klar\u0131 etkinlikleri sunduklar\u0131 program, hediyeler da\u011f\u0131t\u0131l\u0131p kat\u0131l\u0131mc\u0131lara ikramlar yap\u0131lmas\u0131 ile sona erdi.<br \/><\/p>\n","protected":false},"excerpt":{"rendered":"<p>Simav \u0130l\u00e7e M\u00fcft\u00fcl\u00fc\u011f\u00fcne ba\u011fl\u0131 Halila\u011fa Camii Yaz Kur\u2019an kursunda kapan\u0131\u015f program\u0131 d\u00fczenlendi. Program, Halila\u011fa Camii \u00f6n\u00fcnde Belediye Meydan\u0131\u2019nda ger\u00e7ekle\u015ftirildi. \u0130l\u00e7e M\u00fcft\u00fcs\u00fc Hasan Ser\u00e7e, veliler ve vatanda\u015flar programa kat\u0131l\u0131m sa\u011flad\u0131. \u00d6\u011frencilerin Kur\u2019an-\u0131 Kerim okuyup ilahiler s\u00f6yledi\u011fi ve haz\u0131rlad\u0131klar\u0131 etkinlikleri sunduklar\u0131 program, hediyeler da\u011f\u0131t\u0131l\u0131p kat\u0131l\u0131mc\u0131lara ikramlar yap\u0131lmas\u0131 ile sona erdi.<\/p>\n","protected":false},"author":1,"featured_media":48549,"comment_status":"open","ping_status":"open","sticky":false,"template":"","format":"standard","meta":{"_crdt_document":"","footnotes":""},"categories":[1],"tags":[],"class_list":["post-48548","post","type-post","status-publish","format-standard","has-post-thumbnail","hentry","category-guncel"],"_links":{"self":[{"href":"https:\/\/www.egemtv.com\/index.php?rest_route=\/wp\/v2\/posts\/48548","targetHints":{"allow":["GET"]}}],"collection":[{"href":"https:\/\/www.egemtv.com\/index.php?rest_route=\/wp\/v2\/posts"}],"about":[{"href":"https:\/\/www.egemtv.com\/index.php?rest_route=\/wp\/v2\/types\/post"}],"author":[{"embeddable":true,"href":"https:\/\/www.egemtv.com\/index.php?rest_route=\/wp\/v2\/users\/1"}],"replies":[{"embeddable":true,"href":"https:\/\/www.egemtv.com\/index.php?rest_route=%2Fwp%2Fv2%2Fcomments&post=48548"}],"version-history":[{"count":1,"href":"https:\/\/www.egemtv.com\/index.php?rest_route=\/wp\/v2\/posts\/48548\/revisions"}],"predecessor-version":[{"id":48550,"href":"https:\/\/www.egemtv.com\/index.php?rest_route=\/wp\/v2\/posts\/48548\/revisions\/48550"}],"wp:featuredmedia":[{"embeddable":true,"href":"https:\/\/www.egemtv.com\/index.php?rest_route=\/wp\/v2\/media\/48549"}],"wp:attachment":[{"href":"https:\/\/www.egemtv.com\/index.php?rest_route=%2Fwp%2Fv2%2Fmedia&parent=48548"}],"wp:term":[{"taxonomy":"category","embeddable":true,"href":"https:\/\/www.egemtv.com\/index.php?rest_route=%2Fwp%2Fv2%2Fcategories&post=48548"},{"taxonomy":"post_tag","embeddable":true,"href":"https:\/\/www.egemtv.com\/index.php?rest_route=%2Fwp%2Fv2%2Ftags&post=48548"}],"curies":[{"name":"wp","href":"https:\/\/api.w.org\/{rel}","templated":true}]}}