{"id":4851,"date":"2025-01-08T10:54:18","date_gmt":"2025-01-08T07:54:18","guid":{"rendered":"https:\/\/www.egemtv.com\/?p=4851"},"modified":"2025-01-08T10:54:28","modified_gmt":"2025-01-08T07:54:28","slug":"muglada-gonullu-genclerden-ornek-davranis","status":"publish","type":"post","link":"https:\/\/www.egemtv.com\/?p=4851","title":{"rendered":"Mu\u011fla\u2019da g\u00f6n\u00fcll\u00fc gen\u00e7lerden \u00f6rnek davran\u0131\u015f"},"content":{"rendered":"<p>Mu\u011fla Gen\u00e7lik ve Spor \u0130l M\u00fcd\u00fcrl\u00fc\u011f\u00fc b\u00fcnyesindeki Mu\u011fla Uluslararas\u0131 Gen\u00e7lik Merkezi, hayvan sevgisi ve bilincini art\u0131rmak amac\u0131yla anlaml\u0131 bir etkinli\u011fe imza att\u0131. Merkezdeki g\u00f6n\u00fcll\u00fc gen\u00e7ler, sokak hayvanlar\u0131 i\u00e7in mama kaplar\u0131 yaparak bu kaplar\u0131 ihtiya\u00e7 duyulan b\u00f6lgelere da\u011f\u0131tt\u0131.<\/p>\n<p>At\u00f6lye \u00e7al\u0131\u015fmalar\u0131 kapsam\u0131nda \u00e7ocuklar ve gen\u00e7ler, hayvan sevgisi, hayvanlar\u0131 koruma ve onlar\u0131n hayat\u0131m\u0131zdaki \u00f6nemine dair bilin\u00e7lendirme faaliyetlerine kat\u0131ld\u0131lar. Yap\u0131lan mama kaplar\u0131, \u00e7evre duyarl\u0131l\u0131\u011f\u0131 konusundaki fark\u0131ndal\u0131k \u00e7al\u0131\u015fmalar\u0131n\u0131 destekler nitelikte olurken, etkinlik s\u0131ras\u0131nda hayvanlar\u0131n ya\u015fam alanlar\u0131 ve korunmalar\u0131na y\u00f6nelik e\u011fitimler de verildi.<\/p>\n<p>Etkinliklerde, \u00e7ocuklar\u0131n ve gen\u00e7lerin yaparak ve ya\u015fayarak \u00f6\u011frenmesi hedefleniyor. Gen\u00e7lik Merkezi bu do\u011frultuda hem \u00e7evre bilinci hem de sosyal sorumluluk bilincini art\u0131rmay\u0131 ama\u00e7layan sanat ve uygulamal\u0131 etkinlikler d\u00fczenliyor. \u00c7al\u0131\u015fmalarda teknoloji e\u011fitiminin yan\u0131 s\u0131ra sosyal konulara y\u00f6nelik fark\u0131ndal\u0131k kazand\u0131rmak da \u00f6nemli bir yer tutuyor.<\/p>\n<p>G\u00f6n\u00fcll\u00fc gen\u00e7lerden \u0130smail Karan, etkinlikte yapt\u0131klar\u0131 \u00e7al\u0131\u015fmalar\u0131 \u015fu s\u00f6zlerle anlatt\u0131 \u201cK\u0131\u015f aylar\u0131nda burada sokak hayvanlar\u0131 i\u00e7in mama kaplar\u0131 yapt\u0131k. Bu kaplara su ve mama koyarak hayvanlar\u0131n kolayca ula\u015fmas\u0131n\u0131 sa\u011fl\u0131yoruz. A\u00e7 ya da susuz kalan bir hayvan g\u00f6rd\u00fc\u011f\u00fcm\u00fczde onlar\u0131n ihtiyac\u0131n\u0131 kar\u015f\u0131lamak bize mutluluk veriyor. Bu t\u00fcr fark\u0131ndal\u0131k etkinliklerinin devam etmesini diliyoruz. Bizlere destek veren Gen\u00e7lik ve Spor \u0130l M\u00fcd\u00fcr\u00fcm\u00fcze ve Bakanl\u0131\u011f\u0131m\u0131za te\u015fekk\u00fcr ederiz\u201d dedi.<br \/>\n<br \/><img fetchpriority=\"high\" decoding=\"async\" width=\"1280\" height=\"720\" src=\"https:\/\/www.egemtv.com\/wp-content\/uploads\/2025\/01\/muglada-gonullu-genclerden-ornek-davranis_210d0db1c37b.jpg\" class=\"attachment-full size-full not-transparent\" alt=\"\" data-has-transparency=\"false\" data-dominant-color=\"89888a\" style=\"--dominant-color: #89888a\" \/><img decoding=\"async\" width=\"1280\" height=\"720\" src=\"https:\/\/www.egemtv.com\/wp-content\/uploads\/2025\/01\/muglada-gonullu-genclerden-ornek-davranis_e75be6fedbbd.jpg\" class=\"attachment-full size-full not-transparent\" alt=\"\" data-has-transparency=\"false\" data-dominant-color=\"8f8a8a\" style=\"--dominant-color: #8f8a8a\" \/><img decoding=\"async\" width=\"1280\" height=\"720\" src=\"https:\/\/www.egemtv.com\/wp-content\/uploads\/2025\/01\/muglada-gonullu-genclerden-ornek-davranis_cc41e1bfde06.jpg\" class=\"attachment-full size-full not-transparent\" alt=\"\" data-has-transparency=\"false\" data-dominant-color=\"837e7d\" style=\"--dominant-color: #837e7d\" \/><img loading=\"lazy\" decoding=\"async\" width=\"1280\" height=\"720\" src=\"https:\/\/www.egemtv.com\/wp-content\/uploads\/2025\/01\/muglada-gonullu-genclerden-ornek-davranis_02bfd36845b7.jpg\" class=\"attachment-full size-full not-transparent\" alt=\"\" data-has-transparency=\"false\" data-dominant-color=\"878081\" style=\"--dominant-color: #878081\" \/><img loading=\"lazy\" decoding=\"async\" width=\"1280\" height=\"720\" src=\"https:\/\/www.egemtv.com\/wp-content\/uploads\/2025\/01\/muglada-gonullu-genclerden-ornek-davranis_23bb49449a28.jpg\" class=\"attachment-full size-full not-transparent\" alt=\"\" data-has-transparency=\"false\" data-dominant-color=\"827b7a\" style=\"--dominant-color: #827b7a\" \/><img loading=\"lazy\" decoding=\"async\" width=\"1280\" height=\"720\" src=\"https:\/\/www.egemtv.com\/wp-content\/uploads\/2025\/01\/muglada-gonullu-genclerden-ornek-davranis_22f0b64cfb7c.jpg\" class=\"attachment-full size-full not-transparent\" alt=\"\" data-has-transparency=\"false\" data-dominant-color=\"8a8785\" style=\"--dominant-color: #8a8785\" \/><\/p>\n","protected":false},"excerpt":{"rendered":"<p>Mu\u011fla Gen\u00e7lik ve Spor \u0130l M\u00fcd\u00fcrl\u00fc\u011f\u00fc b\u00fcnyesindeki Mu\u011fla Uluslararas\u0131 Gen\u00e7lik Merkezi, hayvan sevgisi ve bilincini art\u0131rmak amac\u0131yla anlaml\u0131 bir etkinli\u011fe imza att\u0131. Merkezdeki g\u00f6n\u00fcll\u00fc gen\u00e7ler, sokak hayvanlar\u0131 i\u00e7in mama kaplar\u0131 yaparak bu kaplar\u0131 ihtiya\u00e7 duyulan b\u00f6lgelere da\u011f\u0131tt\u0131. At\u00f6lye \u00e7al\u0131\u015fmalar\u0131 kapsam\u0131nda \u00e7ocuklar ve gen\u00e7ler, hayvan sevgisi, hayvanlar\u0131 koruma ve onlar\u0131n hayat\u0131m\u0131zdaki \u00f6nemine dair bilin\u00e7lendirme faaliyetlerine kat\u0131ld\u0131lar&#8230;.<\/p>\n","protected":false},"author":1,"featured_media":4852,"comment_status":"open","ping_status":"open","sticky":false,"template":"","format":"standard","meta":{"_crdt_document":"","footnotes":""},"categories":[1],"tags":[],"class_list":["post-4851","post","type-post","status-publish","format-standard","has-post-thumbnail","hentry","category-guncel"],"_links":{"self":[{"href":"https:\/\/www.egemtv.com\/index.php?rest_route=\/wp\/v2\/posts\/4851","targetHints":{"allow":["GET"]}}],"collection":[{"href":"https:\/\/www.egemtv.com\/index.php?rest_route=\/wp\/v2\/posts"}],"about":[{"href":"https:\/\/www.egemtv.com\/index.php?rest_route=\/wp\/v2\/types\/post"}],"author":[{"embeddable":true,"href":"https:\/\/www.egemtv.com\/index.php?rest_route=\/wp\/v2\/users\/1"}],"replies":[{"embeddable":true,"href":"https:\/\/www.egemtv.com\/index.php?rest_route=%2Fwp%2Fv2%2Fcomments&post=4851"}],"version-history":[{"count":1,"href":"https:\/\/www.egemtv.com\/index.php?rest_route=\/wp\/v2\/posts\/4851\/revisions"}],"predecessor-version":[{"id":4859,"href":"https:\/\/www.egemtv.com\/index.php?rest_route=\/wp\/v2\/posts\/4851\/revisions\/4859"}],"wp:featuredmedia":[{"embeddable":true,"href":"https:\/\/www.egemtv.com\/index.php?rest_route=\/wp\/v2\/media\/4852"}],"wp:attachment":[{"href":"https:\/\/www.egemtv.com\/index.php?rest_route=%2Fwp%2Fv2%2Fmedia&parent=4851"}],"wp:term":[{"taxonomy":"category","embeddable":true,"href":"https:\/\/www.egemtv.com\/index.php?rest_route=%2Fwp%2Fv2%2Fcategories&post=4851"},{"taxonomy":"post_tag","embeddable":true,"href":"https:\/\/www.egemtv.com\/index.php?rest_route=%2Fwp%2Fv2%2Ftags&post=4851"}],"curies":[{"name":"wp","href":"https:\/\/api.w.org\/{rel}","templated":true}]}}