{"id":48503,"date":"2025-08-13T11:15:43","date_gmt":"2025-08-13T08:15:43","guid":{"rendered":"https:\/\/www.egemtv.com\/?p=48503"},"modified":"2025-08-13T11:15:44","modified_gmt":"2025-08-13T08:15:44","slug":"suhut-ilce-muftulugunden-yaz-kuran-kursu-ogrencilerine-piknik-etkinligi","status":"publish","type":"post","link":"https:\/\/www.egemtv.com\/?p=48503","title":{"rendered":"\u015euhut \u0130l\u00e7e M\u00fcft\u00fcl\u00fc\u011f\u00fc\u2019nden yaz Kur\u2019an kursu \u00f6\u011frencilerine piknik etkinli\u011fi"},"content":{"rendered":"<p>Afyonkarahisar\u2019\u0131n \u015euhut il\u00e7esinde, \u0130l\u00e7e M\u00fcft\u00fcl\u00fc\u011f\u00fc taraf\u0131ndan Bal\u00e7\u0131khisar k\u00f6y\u00fc Yaz Kur\u2019an kursu \u00f6\u011frencileri i\u00e7in piknik program\u0131 d\u00fczenlendi.<br \/>\n<br \/>Program kapsam\u0131nda \u00f6\u011frenciler hem e\u011flenceli vakit ge\u00e7irdi hem de sosyal etkinliklerle yaz kursu s\u00fcrecini de\u011ferlendirdi. \u0130l\u00e7e M\u00fcft\u00fcs\u00fc Fatih Aytekin, \u00f6\u011frencilerle yak\u0131ndan ilgilenerek sohbet etti ve Kur\u2019an kursu s\u00fcresince g\u00f6sterdikleri gayretlerden dolay\u0131 tebrik etti.<br \/>\n<br \/>\u015euhut \u0130l\u00e7e M\u00fcft\u00fcl\u00fc\u011f\u00fc yetkilileri, bu t\u00fcr sosyal faaliyetlerin \u00f6\u011frencilerin motivasyonunu art\u0131rd\u0131\u011f\u0131n\u0131 ve birlik beraberlik duygusunu peki\u015ftirdi\u011fini ifade etti.<br \/><\/p>\n","protected":false},"excerpt":{"rendered":"<p>Afyonkarahisar\u2019\u0131n \u015euhut il\u00e7esinde, \u0130l\u00e7e M\u00fcft\u00fcl\u00fc\u011f\u00fc taraf\u0131ndan Bal\u00e7\u0131khisar k\u00f6y\u00fc Yaz Kur\u2019an kursu \u00f6\u011frencileri i\u00e7in piknik program\u0131 d\u00fczenlendi. Program kapsam\u0131nda \u00f6\u011frenciler hem e\u011flenceli vakit ge\u00e7irdi hem de sosyal etkinliklerle yaz kursu s\u00fcrecini de\u011ferlendirdi. \u0130l\u00e7e M\u00fcft\u00fcs\u00fc Fatih Aytekin, \u00f6\u011frencilerle yak\u0131ndan ilgilenerek sohbet etti ve Kur\u2019an kursu s\u00fcresince g\u00f6sterdikleri gayretlerden dolay\u0131 tebrik etti. \u015euhut \u0130l\u00e7e M\u00fcft\u00fcl\u00fc\u011f\u00fc yetkilileri, bu t\u00fcr&#8230;<\/p>\n","protected":false},"author":1,"featured_media":48504,"comment_status":"open","ping_status":"open","sticky":false,"template":"","format":"standard","meta":{"_crdt_document":"","footnotes":""},"categories":[123],"tags":[],"class_list":["post-48503","post","type-post","status-publish","format-standard","has-post-thumbnail","hentry","category-gundem"],"_links":{"self":[{"href":"https:\/\/www.egemtv.com\/index.php?rest_route=\/wp\/v2\/posts\/48503","targetHints":{"allow":["GET"]}}],"collection":[{"href":"https:\/\/www.egemtv.com\/index.php?rest_route=\/wp\/v2\/posts"}],"about":[{"href":"https:\/\/www.egemtv.com\/index.php?rest_route=\/wp\/v2\/types\/post"}],"author":[{"embeddable":true,"href":"https:\/\/www.egemtv.com\/index.php?rest_route=\/wp\/v2\/users\/1"}],"replies":[{"embeddable":true,"href":"https:\/\/www.egemtv.com\/index.php?rest_route=%2Fwp%2Fv2%2Fcomments&post=48503"}],"version-history":[{"count":1,"href":"https:\/\/www.egemtv.com\/index.php?rest_route=\/wp\/v2\/posts\/48503\/revisions"}],"predecessor-version":[{"id":48505,"href":"https:\/\/www.egemtv.com\/index.php?rest_route=\/wp\/v2\/posts\/48503\/revisions\/48505"}],"wp:featuredmedia":[{"embeddable":true,"href":"https:\/\/www.egemtv.com\/index.php?rest_route=\/wp\/v2\/media\/48504"}],"wp:attachment":[{"href":"https:\/\/www.egemtv.com\/index.php?rest_route=%2Fwp%2Fv2%2Fmedia&parent=48503"}],"wp:term":[{"taxonomy":"category","embeddable":true,"href":"https:\/\/www.egemtv.com\/index.php?rest_route=%2Fwp%2Fv2%2Fcategories&post=48503"},{"taxonomy":"post_tag","embeddable":true,"href":"https:\/\/www.egemtv.com\/index.php?rest_route=%2Fwp%2Fv2%2Ftags&post=48503"}],"curies":[{"name":"wp","href":"https:\/\/api.w.org\/{rel}","templated":true}]}}