{"id":48500,"date":"2025-08-13T11:15:43","date_gmt":"2025-08-13T08:15:43","guid":{"rendered":"https:\/\/www.egemtv.com\/?p=48500"},"modified":"2025-08-13T11:15:43","modified_gmt":"2025-08-13T08:15:43","slug":"kazada-agir-yaralanan-sahis-hastanede-hayatini-kaybetti","status":"publish","type":"post","link":"https:\/\/www.egemtv.com\/?p=48500","title":{"rendered":"Kazada a\u011f\u0131r yaralanan \u015fah\u0131s hastanede hayat\u0131n\u0131 kaybetti"},"content":{"rendered":"<p>Mu\u011fla\u2019n\u0131n Fethiye il\u00e7esinde meydana gelen trafik kazas\u0131nda a\u011f\u0131r yaral\u0131 olarak hastanede tedavi alt\u0131na al\u0131nan otomobil s\u00fcr\u00fcc\u00fcs\u00fc hayat\u0131n\u0131 kaybetti.<\/p>\n<p>Kaza, Seydikemer &#8211; Fethiye karayolu \u00fczerindeki motokros parkuru kav\u015fa\u011f\u0131nda gece saatlerinde meydana geldi. Edinilen bilgiye g\u00f6re, Osman K\u00f6se idaresindeki 48 AOR 968 plakal\u0131 otomobil ile M.T. y\u00f6netimindeki 48 ARH 037 plakal\u0131 otomobil \u00e7arp\u0131\u015ft\u0131. \u00c7arp\u0131\u015fman\u0131n etkisiyle ara\u00e7 s\u00fcr\u00fcc\u00fcleri Osman K\u00f6se, M.T. ve yolcu olarak bulunan A.D. yaraland\u0131. Kazay\u0131 g\u00f6ren vatanda\u015flar\u0131n 112 Acil \u00c7a\u011fr\u0131 Merkezi\u2019ne yapt\u0131\u011f\u0131 ihbar \u00fczerine olay yerine sa\u011fl\u0131k, itfaiye ve polis ekipleri sevk edildi. \u0130lk m\u00fcdahaleleri sa\u011fl\u0131k ekipleri taraf\u0131ndan olay yerinde yap\u0131lan yaral\u0131lar, ambulansla hastaneye kald\u0131r\u0131ld\u0131. Hastanede tedavi alt\u0131na al\u0131nan yaral\u0131lardan otomobil s\u00fcr\u00fcc\u00fcs\u00fc Osman K\u00f6se t\u00fcm m\u00fcdahalelere ra\u011fmen hayat\u0131n\u0131 kaybetti. M.K. ve A.D.\u2019nin tedavisinin s\u00fcrd\u00fc\u011f\u00fc \u00f6\u011frenildi.<br \/><\/p>\n","protected":false},"excerpt":{"rendered":"<p>Mu\u011fla\u2019n\u0131n Fethiye il\u00e7esinde meydana gelen trafik kazas\u0131nda a\u011f\u0131r yaral\u0131 olarak hastanede tedavi alt\u0131na al\u0131nan otomobil s\u00fcr\u00fcc\u00fcs\u00fc hayat\u0131n\u0131 kaybetti. Kaza, Seydikemer &#8211; Fethiye karayolu \u00fczerindeki motokros parkuru kav\u015fa\u011f\u0131nda gece saatlerinde meydana geldi. Edinilen bilgiye g\u00f6re, Osman K\u00f6se idaresindeki 48 AOR 968 plakal\u0131 otomobil ile M.T. y\u00f6netimindeki 48 ARH 037 plakal\u0131 otomobil \u00e7arp\u0131\u015ft\u0131. \u00c7arp\u0131\u015fman\u0131n etkisiyle ara\u00e7 s\u00fcr\u00fcc\u00fcleri&#8230;<\/p>\n","protected":false},"author":1,"featured_media":48501,"comment_status":"open","ping_status":"open","sticky":false,"template":"","format":"standard","meta":{"_crdt_document":"","footnotes":""},"categories":[5],"tags":[],"class_list":["post-48500","post","type-post","status-publish","format-standard","has-post-thumbnail","hentry","category-asayis"],"_links":{"self":[{"href":"https:\/\/www.egemtv.com\/index.php?rest_route=\/wp\/v2\/posts\/48500","targetHints":{"allow":["GET"]}}],"collection":[{"href":"https:\/\/www.egemtv.com\/index.php?rest_route=\/wp\/v2\/posts"}],"about":[{"href":"https:\/\/www.egemtv.com\/index.php?rest_route=\/wp\/v2\/types\/post"}],"author":[{"embeddable":true,"href":"https:\/\/www.egemtv.com\/index.php?rest_route=\/wp\/v2\/users\/1"}],"replies":[{"embeddable":true,"href":"https:\/\/www.egemtv.com\/index.php?rest_route=%2Fwp%2Fv2%2Fcomments&post=48500"}],"version-history":[{"count":1,"href":"https:\/\/www.egemtv.com\/index.php?rest_route=\/wp\/v2\/posts\/48500\/revisions"}],"predecessor-version":[{"id":48502,"href":"https:\/\/www.egemtv.com\/index.php?rest_route=\/wp\/v2\/posts\/48500\/revisions\/48502"}],"wp:featuredmedia":[{"embeddable":true,"href":"https:\/\/www.egemtv.com\/index.php?rest_route=\/wp\/v2\/media\/48501"}],"wp:attachment":[{"href":"https:\/\/www.egemtv.com\/index.php?rest_route=%2Fwp%2Fv2%2Fmedia&parent=48500"}],"wp:term":[{"taxonomy":"category","embeddable":true,"href":"https:\/\/www.egemtv.com\/index.php?rest_route=%2Fwp%2Fv2%2Fcategories&post=48500"},{"taxonomy":"post_tag","embeddable":true,"href":"https:\/\/www.egemtv.com\/index.php?rest_route=%2Fwp%2Fv2%2Ftags&post=48500"}],"curies":[{"name":"wp","href":"https:\/\/api.w.org\/{rel}","templated":true}]}}