{"id":48497,"date":"2025-08-13T10:54:42","date_gmt":"2025-08-13T07:54:42","guid":{"rendered":"https:\/\/www.egemtv.com\/?p=48497"},"modified":"2025-08-13T10:54:43","modified_gmt":"2025-08-13T07:54:43","slug":"denizlili-dagci-k2-dagi-zirvesine-ayak-basan-ilk-turk-kadin-dagci-oldu","status":"publish","type":"post","link":"https:\/\/www.egemtv.com\/?p=48497","title":{"rendered":"Denizlili da\u011fc\u0131 K2 Da\u011f\u0131 zirvesine ayak basan ilk T\u00fcrk kad\u0131n da\u011fc\u0131 oldu"},"content":{"rendered":"<p>D\u00fcnyan\u0131n en zor var\u0131lan zirveleri aras\u0131nda ilk s\u0131rada yer alan K2 da\u011f\u0131na t\u0131rman\u0131\u015f yapan Denizlili da\u011fc\u0131 G\u00fclnur Tumbat, zorlu zirveye t\u0131rmanarak T\u00fcrk bayra\u011f\u0131n\u0131 dalgaland\u0131ran ilk T\u00fcrk kad\u0131n da\u011fc\u0131 oldu.<br \/>\n<br \/>Pakistan ve \u00c7in aras\u0131nda yer alan K2 Da\u011f\u0131, Everest\u2019in ard\u0131ndan 8 bin 611 metre y\u00fckseklikle d\u00fcnyan\u0131n en y\u00fcksek 2. Da\u011f\u0131 konumunda yer al\u0131yor. K2 Da\u011f\u0131 8 bin metreden y\u00fcksek 14 da\u011f aras\u0131nda zirvesine en zor var\u0131lan olarak biliniyor. Da\u011f\u0131n a\u015f\u0131r\u0131 dik olu\u015fu, d\u00fc\u015fen kaya par\u00e7alar\u0131 ve \u00e7\u0131\u011f \u00e7\u00f6kmeleri nedeniyle en zor t\u0131rman\u0131lan zirve olarak kabul ediliyor. Da\u011fc\u0131lar i\u00e7in zorluk seviyesi nedeniyle dikkat \u00e7eken K2 Da\u011f\u0131na Amerika Birle\u015fik Devletlerinde profes\u00f6r olarak g\u00f6rev Denizlili Da\u011fc\u0131 G\u00fclnur Tumbat, t\u0131rman\u0131\u015f ger\u00e7ekle\u015ftirdi. Daha \u00f6nce 7 K\u0131ta 7 Zirve projesinin tamamlayarak ad\u0131ndan s\u00f6z ettiren Tumbat, K2 Da\u011f\u0131na t\u0131rmanmay\u0131 ba\u015fard\u0131. G\u00fclnur Tumbat K2 Da\u011f\u0131n\u0131n zirvesinde T\u00fcrk bayra\u011f\u0131n\u0131 dalgaland\u0131ran ilk T\u00fcrk kad\u0131n da\u011fc\u0131 unvan\u0131na sahip oldu.<br \/><\/p>\n","protected":false},"excerpt":{"rendered":"<p>D\u00fcnyan\u0131n en zor var\u0131lan zirveleri aras\u0131nda ilk s\u0131rada yer alan K2 da\u011f\u0131na t\u0131rman\u0131\u015f yapan Denizlili da\u011fc\u0131 G\u00fclnur Tumbat, zorlu zirveye t\u0131rmanarak T\u00fcrk bayra\u011f\u0131n\u0131 dalgaland\u0131ran ilk T\u00fcrk kad\u0131n da\u011fc\u0131 oldu. Pakistan ve \u00c7in aras\u0131nda yer alan K2 Da\u011f\u0131, Everest\u2019in ard\u0131ndan 8 bin 611 metre y\u00fckseklikle d\u00fcnyan\u0131n en y\u00fcksek 2. Da\u011f\u0131 konumunda yer al\u0131yor. K2 Da\u011f\u0131 8&#8230;<\/p>\n","protected":false},"author":1,"featured_media":48498,"comment_status":"open","ping_status":"open","sticky":false,"template":"","format":"standard","meta":{"_crdt_document":"","footnotes":""},"categories":[4],"tags":[],"class_list":["post-48497","post","type-post","status-publish","format-standard","has-post-thumbnail","hentry","category-spor"],"_links":{"self":[{"href":"https:\/\/www.egemtv.com\/index.php?rest_route=\/wp\/v2\/posts\/48497","targetHints":{"allow":["GET"]}}],"collection":[{"href":"https:\/\/www.egemtv.com\/index.php?rest_route=\/wp\/v2\/posts"}],"about":[{"href":"https:\/\/www.egemtv.com\/index.php?rest_route=\/wp\/v2\/types\/post"}],"author":[{"embeddable":true,"href":"https:\/\/www.egemtv.com\/index.php?rest_route=\/wp\/v2\/users\/1"}],"replies":[{"embeddable":true,"href":"https:\/\/www.egemtv.com\/index.php?rest_route=%2Fwp%2Fv2%2Fcomments&post=48497"}],"version-history":[{"count":1,"href":"https:\/\/www.egemtv.com\/index.php?rest_route=\/wp\/v2\/posts\/48497\/revisions"}],"predecessor-version":[{"id":48499,"href":"https:\/\/www.egemtv.com\/index.php?rest_route=\/wp\/v2\/posts\/48497\/revisions\/48499"}],"wp:featuredmedia":[{"embeddable":true,"href":"https:\/\/www.egemtv.com\/index.php?rest_route=\/wp\/v2\/media\/48498"}],"wp:attachment":[{"href":"https:\/\/www.egemtv.com\/index.php?rest_route=%2Fwp%2Fv2%2Fmedia&parent=48497"}],"wp:term":[{"taxonomy":"category","embeddable":true,"href":"https:\/\/www.egemtv.com\/index.php?rest_route=%2Fwp%2Fv2%2Fcategories&post=48497"},{"taxonomy":"post_tag","embeddable":true,"href":"https:\/\/www.egemtv.com\/index.php?rest_route=%2Fwp%2Fv2%2Ftags&post=48497"}],"curies":[{"name":"wp","href":"https:\/\/api.w.org\/{rel}","templated":true}]}}