{"id":48491,"date":"2025-08-13T10:54:40","date_gmt":"2025-08-13T07:54:40","guid":{"rendered":"https:\/\/www.egemtv.com\/?p=48491"},"modified":"2025-08-13T10:54:41","modified_gmt":"2025-08-13T07:54:41","slug":"bakanlik-heyeti-aydindaki-saglik-yatirimlarini-inceledi","status":"publish","type":"post","link":"https:\/\/www.egemtv.com\/?p=48491","title":{"rendered":"Bakanl\u0131k heyeti Ayd\u0131n\u2019daki sa\u011fl\u0131k yat\u0131r\u0131mlar\u0131n\u0131 inceledi"},"content":{"rendered":"<p>Kamu Hastaneleri Genel M\u00fcd\u00fcr Yard\u0131mc\u0131s\u0131 Do\u00e7. Dr. Bahar Ayd\u0131nl\u0131 ve beraberindeki heyet, Ayd\u0131n \u015eehir Hastanesi\u2019nin son durumunu yerinde inceledi.<\/p>\n<p>Ayd\u0131n \u015eehir Hastanesi\u2019nin a\u00e7\u0131l\u0131\u015f s\u00fcreci ile ilgili olarak Kamu Hastaneleri Genel M\u00fcd\u00fcr Yard\u0131mc\u0131s\u0131 Do\u00e7. Dr. Bahar Ayd\u0131nl\u0131, Sa\u011fl\u0131k Bakanl\u0131\u011f\u0131 T\u0131bbi Cihaz ve T\u0131bbi Hizmet Al\u0131mlar\u0131 Planlama Dairesi Ba\u015fkan\u0131 H\u00fcseyin Dalgal\u0131 ve Biyomedikal M\u00fchendislik Hizmetleri Daire Ba\u015fkan\u0131 Mustafa Arslan, Ayd\u0131n \u0130l Sa\u011fl\u0131k M\u00fcd\u00fcrl\u00fc\u011f\u00fc\u2019n\u00fc ziyaret etti. \u0130l Sa\u011fl\u0131k M\u00fcd\u00fcr\u00fc Dr. Eser \u015eenkul taraf\u0131ndan, yap\u0131m\u0131 devam eden ve Ayd\u0131n\u2019\u0131n en b\u00fcy\u00fck sa\u011fl\u0131k yat\u0131r\u0131m\u0131 olarak nitelendirilen Ayd\u0131n \u015eehir Hastanesi\u2019nin son durumu, y\u00fcr\u00fct\u00fclen \u00e7al\u0131\u015fmalar ile t\u0131bbi cihaz ve hizmet al\u0131mlar\u0131na ili\u015fkin s\u00fcre\u00e7ler hakk\u0131nda ayr\u0131nt\u0131l\u0131 bir sunum ger\u00e7ekle\u015ftirildi. Toplant\u0131n\u0131n ard\u0131ndan heyet, Ayd\u0131n \u015eehir Hastanesi\u2019nde detayl\u0131 incelemelerde bulunarak de\u011ferlendirmeler yapt\u0131. Program kapsam\u0131nda Ayd\u0131n Kad\u0131n Do\u011fum ve \u00c7ocuk Hastal\u0131klar\u0131 Hastanesi de ziyaret edildi. Ziyaretlerde \u0130l Sa\u011fl\u0131k M\u00fcd\u00fcr\u00fc Dr. Eser \u015eenkul\u2019a, Ayd\u0131n \u0130l Sa\u011fl\u0131k M\u00fcd\u00fcrl\u00fc\u011f\u00fc hizmet ba\u015fkanlar\u0131 ve ba\u015fkan yard\u0131mc\u0131lar\u0131 e\u015flik etti.<br \/><\/p>\n","protected":false},"excerpt":{"rendered":"<p>Kamu Hastaneleri Genel M\u00fcd\u00fcr Yard\u0131mc\u0131s\u0131 Do\u00e7. Dr. Bahar Ayd\u0131nl\u0131 ve beraberindeki heyet, Ayd\u0131n \u015eehir Hastanesi\u2019nin son durumunu yerinde inceledi. Ayd\u0131n \u015eehir Hastanesi\u2019nin a\u00e7\u0131l\u0131\u015f s\u00fcreci ile ilgili olarak Kamu Hastaneleri Genel M\u00fcd\u00fcr Yard\u0131mc\u0131s\u0131 Do\u00e7. Dr. Bahar Ayd\u0131nl\u0131, Sa\u011fl\u0131k Bakanl\u0131\u011f\u0131 T\u0131bbi Cihaz ve T\u0131bbi Hizmet Al\u0131mlar\u0131 Planlama Dairesi Ba\u015fkan\u0131 H\u00fcseyin Dalgal\u0131 ve Biyomedikal M\u00fchendislik Hizmetleri Daire Ba\u015fkan\u0131&#8230;<\/p>\n","protected":false},"author":1,"featured_media":48492,"comment_status":"open","ping_status":"open","sticky":false,"template":"","format":"standard","meta":{"_crdt_document":"","footnotes":""},"categories":[1],"tags":[],"class_list":["post-48491","post","type-post","status-publish","format-standard","has-post-thumbnail","hentry","category-guncel"],"_links":{"self":[{"href":"https:\/\/www.egemtv.com\/index.php?rest_route=\/wp\/v2\/posts\/48491","targetHints":{"allow":["GET"]}}],"collection":[{"href":"https:\/\/www.egemtv.com\/index.php?rest_route=\/wp\/v2\/posts"}],"about":[{"href":"https:\/\/www.egemtv.com\/index.php?rest_route=\/wp\/v2\/types\/post"}],"author":[{"embeddable":true,"href":"https:\/\/www.egemtv.com\/index.php?rest_route=\/wp\/v2\/users\/1"}],"replies":[{"embeddable":true,"href":"https:\/\/www.egemtv.com\/index.php?rest_route=%2Fwp%2Fv2%2Fcomments&post=48491"}],"version-history":[{"count":1,"href":"https:\/\/www.egemtv.com\/index.php?rest_route=\/wp\/v2\/posts\/48491\/revisions"}],"predecessor-version":[{"id":48493,"href":"https:\/\/www.egemtv.com\/index.php?rest_route=\/wp\/v2\/posts\/48491\/revisions\/48493"}],"wp:featuredmedia":[{"embeddable":true,"href":"https:\/\/www.egemtv.com\/index.php?rest_route=\/wp\/v2\/media\/48492"}],"wp:attachment":[{"href":"https:\/\/www.egemtv.com\/index.php?rest_route=%2Fwp%2Fv2%2Fmedia&parent=48491"}],"wp:term":[{"taxonomy":"category","embeddable":true,"href":"https:\/\/www.egemtv.com\/index.php?rest_route=%2Fwp%2Fv2%2Fcategories&post=48491"},{"taxonomy":"post_tag","embeddable":true,"href":"https:\/\/www.egemtv.com\/index.php?rest_route=%2Fwp%2Fv2%2Ftags&post=48491"}],"curies":[{"name":"wp","href":"https:\/\/api.w.org\/{rel}","templated":true}]}}