{"id":48488,"date":"2025-08-13T10:15:43","date_gmt":"2025-08-13T07:15:43","guid":{"rendered":"https:\/\/www.egemtv.com\/?p=48488"},"modified":"2025-08-13T10:15:44","modified_gmt":"2025-08-13T07:15:44","slug":"batakliga-saplanan-inegi-itfaiye-ekipleri-kurtardi","status":"publish","type":"post","link":"https:\/\/www.egemtv.com\/?p=48488","title":{"rendered":"Batakl\u0131\u011fa saplanan ine\u011fi itfaiye ekipleri kurtard\u0131"},"content":{"rendered":"<p>K\u00fctahya\u2019n\u0131n K\u0131rklar Deresi\u2019nde batakl\u0131kta mahsur kalan inek, itfaiye ekiplerince kurtar\u0131ld\u0131<br \/>\n<br \/>Ayd\u0131nl\u0131k Evler Mahallesi\u2019ndeki \u00e7ay\u0131rl\u0131k alanda otlayan hayvanlardan biri batakl\u0131\u011fa sapland\u0131. \u0130nek, \u00e7evredekilerin u\u011fra\u015f\u0131yla batakl\u0131ktan \u00e7\u0131kar\u0131lamay\u0131nca 112 Acil \u00c7a\u011fr\u0131 Merkezi\u2019nden yard\u0131m istendi. B\u00f6lgeye gelen itfaiye ekipleri, kep\u00e7e merdivenine ba\u011flad\u0131klar\u0131 halat ile ine\u011fi batt\u0131\u011f\u0131 yerden \u00e7\u0131kard\u0131. \u0130nek, sahibine teslim edildi.<br \/><\/p>\n","protected":false},"excerpt":{"rendered":"<p>K\u00fctahya\u2019n\u0131n K\u0131rklar Deresi\u2019nde batakl\u0131kta mahsur kalan inek, itfaiye ekiplerince kurtar\u0131ld\u0131 Ayd\u0131nl\u0131k Evler Mahallesi\u2019ndeki \u00e7ay\u0131rl\u0131k alanda otlayan hayvanlardan biri batakl\u0131\u011fa sapland\u0131. \u0130nek, \u00e7evredekilerin u\u011fra\u015f\u0131yla batakl\u0131ktan \u00e7\u0131kar\u0131lamay\u0131nca 112 Acil \u00c7a\u011fr\u0131 Merkezi\u2019nden yard\u0131m istendi. B\u00f6lgeye gelen itfaiye ekipleri, kep\u00e7e merdivenine ba\u011flad\u0131klar\u0131 halat ile ine\u011fi batt\u0131\u011f\u0131 yerden \u00e7\u0131kard\u0131. \u0130nek, sahibine teslim edildi.<\/p>\n","protected":false},"author":1,"featured_media":48489,"comment_status":"open","ping_status":"open","sticky":false,"template":"","format":"standard","meta":{"_crdt_document":"","footnotes":""},"categories":[1],"tags":[],"class_list":["post-48488","post","type-post","status-publish","format-standard","has-post-thumbnail","hentry","category-guncel"],"_links":{"self":[{"href":"https:\/\/www.egemtv.com\/index.php?rest_route=\/wp\/v2\/posts\/48488","targetHints":{"allow":["GET"]}}],"collection":[{"href":"https:\/\/www.egemtv.com\/index.php?rest_route=\/wp\/v2\/posts"}],"about":[{"href":"https:\/\/www.egemtv.com\/index.php?rest_route=\/wp\/v2\/types\/post"}],"author":[{"embeddable":true,"href":"https:\/\/www.egemtv.com\/index.php?rest_route=\/wp\/v2\/users\/1"}],"replies":[{"embeddable":true,"href":"https:\/\/www.egemtv.com\/index.php?rest_route=%2Fwp%2Fv2%2Fcomments&post=48488"}],"version-history":[{"count":1,"href":"https:\/\/www.egemtv.com\/index.php?rest_route=\/wp\/v2\/posts\/48488\/revisions"}],"predecessor-version":[{"id":48490,"href":"https:\/\/www.egemtv.com\/index.php?rest_route=\/wp\/v2\/posts\/48488\/revisions\/48490"}],"wp:featuredmedia":[{"embeddable":true,"href":"https:\/\/www.egemtv.com\/index.php?rest_route=\/wp\/v2\/media\/48489"}],"wp:attachment":[{"href":"https:\/\/www.egemtv.com\/index.php?rest_route=%2Fwp%2Fv2%2Fmedia&parent=48488"}],"wp:term":[{"taxonomy":"category","embeddable":true,"href":"https:\/\/www.egemtv.com\/index.php?rest_route=%2Fwp%2Fv2%2Fcategories&post=48488"},{"taxonomy":"post_tag","embeddable":true,"href":"https:\/\/www.egemtv.com\/index.php?rest_route=%2Fwp%2Fv2%2Ftags&post=48488"}],"curies":[{"name":"wp","href":"https:\/\/api.w.org\/{rel}","templated":true}]}}