{"id":48485,"date":"2025-08-13T10:15:43","date_gmt":"2025-08-13T07:15:43","guid":{"rendered":"https:\/\/www.egemtv.com\/?p=48485"},"modified":"2025-08-13T10:15:43","modified_gmt":"2025-08-13T07:15:43","slug":"tavsanlinin-beldelerine-yeni-baskan-atamalari","status":"publish","type":"post","link":"https:\/\/www.egemtv.com\/?p=48485","title":{"rendered":"Tav\u015fanl\u0131\u2019n\u0131n beldelerine yeni ba\u015fkan atamalar\u0131"},"content":{"rendered":"<p>AK Parti K\u00fctahya \u0130l Ba\u015fkanl\u0131\u011f\u0131, Tav\u015fanl\u0131 il\u00e7esine ba\u011fl\u0131 beldelere yeni ba\u015fkanlar\u0131n\u0131 atad\u0131.<br \/>\n<br \/>\u0130l Ba\u015fkan\u0131 Ceyda \u00c7etin Erenler taraf\u0131ndan yap\u0131lan atamalara g\u00f6re, Tepecik Belde Ba\u015fkanl\u0131\u011f\u0131na Kenan Y\u0131ld\u0131z, Kuru\u00e7ay Belde Ba\u015fkanl\u0131\u011f\u0131na Erkan Uslu, Bal\u0131k\u00f6y Belde Ba\u015fkanl\u0131\u011f\u0131na \u0130brahim \u0130lg\u00fcn ve Tun\u00e7bilek Belde Ba\u015fkanl\u0131\u011f\u0131na ise Ali R\u0131za Korkmaz getirildi.<br \/>\n<br \/>AK Parti K\u00fctahya \u0130l Ba\u015fkan\u0131 Erenler, g\u00f6reve ba\u015flayan belde ba\u015fkanlar\u0131na ba\u015far\u0131 dileklerinde bulunarak atamalar\u0131n beldelere ve te\u015fkilata hay\u0131rl\u0131 olmas\u0131n\u0131 temenni etti.<br \/><\/p>\n","protected":false},"excerpt":{"rendered":"<p>AK Parti K\u00fctahya \u0130l Ba\u015fkanl\u0131\u011f\u0131, Tav\u015fanl\u0131 il\u00e7esine ba\u011fl\u0131 beldelere yeni ba\u015fkanlar\u0131n\u0131 atad\u0131. \u0130l Ba\u015fkan\u0131 Ceyda \u00c7etin Erenler taraf\u0131ndan yap\u0131lan atamalara g\u00f6re, Tepecik Belde Ba\u015fkanl\u0131\u011f\u0131na Kenan Y\u0131ld\u0131z, Kuru\u00e7ay Belde Ba\u015fkanl\u0131\u011f\u0131na Erkan Uslu, Bal\u0131k\u00f6y Belde Ba\u015fkanl\u0131\u011f\u0131na \u0130brahim \u0130lg\u00fcn ve Tun\u00e7bilek Belde Ba\u015fkanl\u0131\u011f\u0131na ise Ali R\u0131za Korkmaz getirildi. AK Parti K\u00fctahya \u0130l Ba\u015fkan\u0131 Erenler, g\u00f6reve ba\u015flayan belde ba\u015fkanlar\u0131na&#8230;<\/p>\n","protected":false},"author":1,"featured_media":48486,"comment_status":"open","ping_status":"open","sticky":false,"template":"","format":"standard","meta":{"_crdt_document":"","footnotes":""},"categories":[127],"tags":[],"class_list":["post-48485","post","type-post","status-publish","format-standard","has-post-thumbnail","hentry","category-siyaset"],"_links":{"self":[{"href":"https:\/\/www.egemtv.com\/index.php?rest_route=\/wp\/v2\/posts\/48485","targetHints":{"allow":["GET"]}}],"collection":[{"href":"https:\/\/www.egemtv.com\/index.php?rest_route=\/wp\/v2\/posts"}],"about":[{"href":"https:\/\/www.egemtv.com\/index.php?rest_route=\/wp\/v2\/types\/post"}],"author":[{"embeddable":true,"href":"https:\/\/www.egemtv.com\/index.php?rest_route=\/wp\/v2\/users\/1"}],"replies":[{"embeddable":true,"href":"https:\/\/www.egemtv.com\/index.php?rest_route=%2Fwp%2Fv2%2Fcomments&post=48485"}],"version-history":[{"count":1,"href":"https:\/\/www.egemtv.com\/index.php?rest_route=\/wp\/v2\/posts\/48485\/revisions"}],"predecessor-version":[{"id":48487,"href":"https:\/\/www.egemtv.com\/index.php?rest_route=\/wp\/v2\/posts\/48485\/revisions\/48487"}],"wp:featuredmedia":[{"embeddable":true,"href":"https:\/\/www.egemtv.com\/index.php?rest_route=\/wp\/v2\/media\/48486"}],"wp:attachment":[{"href":"https:\/\/www.egemtv.com\/index.php?rest_route=%2Fwp%2Fv2%2Fmedia&parent=48485"}],"wp:term":[{"taxonomy":"category","embeddable":true,"href":"https:\/\/www.egemtv.com\/index.php?rest_route=%2Fwp%2Fv2%2Fcategories&post=48485"},{"taxonomy":"post_tag","embeddable":true,"href":"https:\/\/www.egemtv.com\/index.php?rest_route=%2Fwp%2Fv2%2Ftags&post=48485"}],"curies":[{"name":"wp","href":"https:\/\/api.w.org\/{rel}","templated":true}]}}