{"id":48482,"date":"2025-08-13T10:15:42","date_gmt":"2025-08-13T07:15:42","guid":{"rendered":"https:\/\/www.egemtv.com\/?p=48482"},"modified":"2025-08-13T10:15:43","modified_gmt":"2025-08-13T07:15:43","slug":"yaz-spor-okullari-ile-cocuklar-yeteneklerini-gelistiriyor","status":"publish","type":"post","link":"https:\/\/www.egemtv.com\/?p=48482","title":{"rendered":"Yaz Spor Okullar\u0131 ile \u00e7ocuklar yeteneklerini geli\u015ftiriyor"},"content":{"rendered":"<p>Ayd\u0131n Gen\u00e7lik ve Spor \u0130l M\u00fcd\u00fcrl\u00fc\u011f\u00fc, vatanda\u015flar\u0131 spora y\u00f6nlendirmek i\u00e7in \u00e7al\u0131\u015fmalar\u0131n\u0131 s\u00fcrd\u00fcr\u00fcrken, yaz spor okullar\u0131na kat\u0131lan \u00f6\u011frenciler hem e\u011fleniyor hem de yeteneklerini geli\u015ftiriyor.<br \/>\n<br \/>Ayd\u0131n\u2019da Gen\u00e7lik ve Spor Bakanl\u0131\u011f\u0131 \u00f6nc\u00fcl\u00fc\u011f\u00fcnde d\u00fczenlenen Yaz Spor Okullar\u0131\u2019nda \u00e7al\u0131\u015fmalar h\u0131z kesmeden s\u00fcr\u00fcyor. Ayd\u0131n\u2019\u0131n 17 il\u00e7esinde verilen e\u011fitimler devam ederken, spor yapmak isteyen 5-18 ya\u015f aras\u0131 t\u00fcm gen\u00e7 ve \u00e7ocuklara 40 bran\u015fta e\u011fitimler veriliyor. Ayr\u0131ca yaz mevsimi boyunca \u00e7e\u015fitli aktiviteler de d\u00fczenlenirken, gen\u00e7ler spor dolu bir yaz ge\u00e7iriyor.<br \/>\n<br \/>Konu ile ilgili Ayd\u0131n Gen\u00e7lik ve Spor \u0130l M\u00fcd\u00fcrl\u00fc\u011f\u00fc\u2019nden yap\u0131lan a\u00e7\u0131klamada &#8220;Yaz spor okullar\u0131m\u0131zda \u00e7ocuklar\u0131m\u0131z yeteneklerini geli\u015ftiriyor. Enerji dolu antrenmanlarla hem \u00f6\u011freniyor hem de keyifli vakit ge\u00e7iriyor&#8221; ifadeleri yer ald\u0131.<br \/><\/p>\n","protected":false},"excerpt":{"rendered":"<p>Ayd\u0131n Gen\u00e7lik ve Spor \u0130l M\u00fcd\u00fcrl\u00fc\u011f\u00fc, vatanda\u015flar\u0131 spora y\u00f6nlendirmek i\u00e7in \u00e7al\u0131\u015fmalar\u0131n\u0131 s\u00fcrd\u00fcr\u00fcrken, yaz spor okullar\u0131na kat\u0131lan \u00f6\u011frenciler hem e\u011fleniyor hem de yeteneklerini geli\u015ftiriyor. Ayd\u0131n\u2019da Gen\u00e7lik ve Spor Bakanl\u0131\u011f\u0131 \u00f6nc\u00fcl\u00fc\u011f\u00fcnde d\u00fczenlenen Yaz Spor Okullar\u0131\u2019nda \u00e7al\u0131\u015fmalar h\u0131z kesmeden s\u00fcr\u00fcyor. Ayd\u0131n\u2019\u0131n 17 il\u00e7esinde verilen e\u011fitimler devam ederken, spor yapmak isteyen 5-18 ya\u015f aras\u0131 t\u00fcm gen\u00e7 ve \u00e7ocuklara 40&#8230;<\/p>\n","protected":false},"author":1,"featured_media":48483,"comment_status":"open","ping_status":"open","sticky":false,"template":"","format":"standard","meta":{"_crdt_document":"","footnotes":""},"categories":[4],"tags":[],"class_list":["post-48482","post","type-post","status-publish","format-standard","has-post-thumbnail","hentry","category-spor"],"_links":{"self":[{"href":"https:\/\/www.egemtv.com\/index.php?rest_route=\/wp\/v2\/posts\/48482","targetHints":{"allow":["GET"]}}],"collection":[{"href":"https:\/\/www.egemtv.com\/index.php?rest_route=\/wp\/v2\/posts"}],"about":[{"href":"https:\/\/www.egemtv.com\/index.php?rest_route=\/wp\/v2\/types\/post"}],"author":[{"embeddable":true,"href":"https:\/\/www.egemtv.com\/index.php?rest_route=\/wp\/v2\/users\/1"}],"replies":[{"embeddable":true,"href":"https:\/\/www.egemtv.com\/index.php?rest_route=%2Fwp%2Fv2%2Fcomments&post=48482"}],"version-history":[{"count":1,"href":"https:\/\/www.egemtv.com\/index.php?rest_route=\/wp\/v2\/posts\/48482\/revisions"}],"predecessor-version":[{"id":48484,"href":"https:\/\/www.egemtv.com\/index.php?rest_route=\/wp\/v2\/posts\/48482\/revisions\/48484"}],"wp:featuredmedia":[{"embeddable":true,"href":"https:\/\/www.egemtv.com\/index.php?rest_route=\/wp\/v2\/media\/48483"}],"wp:attachment":[{"href":"https:\/\/www.egemtv.com\/index.php?rest_route=%2Fwp%2Fv2%2Fmedia&parent=48482"}],"wp:term":[{"taxonomy":"category","embeddable":true,"href":"https:\/\/www.egemtv.com\/index.php?rest_route=%2Fwp%2Fv2%2Fcategories&post=48482"},{"taxonomy":"post_tag","embeddable":true,"href":"https:\/\/www.egemtv.com\/index.php?rest_route=%2Fwp%2Fv2%2Ftags&post=48482"}],"curies":[{"name":"wp","href":"https:\/\/api.w.org\/{rel}","templated":true}]}}