{"id":48479,"date":"2025-08-13T10:15:41","date_gmt":"2025-08-13T07:15:41","guid":{"rendered":"https:\/\/www.egemtv.com\/?p=48479"},"modified":"2025-08-13T10:15:42","modified_gmt":"2025-08-13T07:15:42","slug":"denizli-buyuksehir-belediyesi-yasak-kararinda-geri-adim-atti","status":"publish","type":"post","link":"https:\/\/www.egemtv.com\/?p=48479","title":{"rendered":"Denizli B\u00fcy\u00fck\u015fehir Belediyesi yasak karar\u0131nda geri ad\u0131m att\u0131"},"content":{"rendered":"<p>DEN\u0130ZL\u0130 (\u0130HA) \u2013 Denizli B\u00fcy\u00fck\u015fehir Belediye Meclisi taraf\u0131ndan ge\u00e7ti\u011fimiz May\u0131s ay\u0131nda ba\u015flat\u0131lan Gazi Mustafa Kemal Bulvar\u0131n\u0131n Pazar g\u00fcnleri trafi\u011fe kapat\u0131lmas\u0131 karar\u0131, \u00f6\u011frencilerin yo\u011fun \u015fikayetleri \u00fczerine kald\u0131r\u0131ld\u0131.<\/p>\n<p>Denizli B\u00fcy\u00fck\u015fehir Belediyesi taraf\u0131ndan May\u0131s ay\u0131nda Meclis karar\u0131yla ba\u015flat\u0131lan uygulamayla \u00c7aml\u0131k Caddesinin ard\u0131ndan Gazi Mustafa Kemal Bulvar\u0131 \u00fczerinde Pazar g\u00fcn\u00fc trafi\u011fe kapatma uygulamas\u0131 ba\u015flatm\u0131\u015ft\u0131. Proje kapsam\u0131nda Pazar g\u00fcnleri belirlenen saatler aras\u0131nda bulvar trafi\u011fe kapat\u0131larak yayaya a\u00e7\u0131lm\u0131\u015ft\u0131.<\/p>\n<p>Denizli\u2019nin kalbi olan bulvardaki yasak karar\u0131, b\u00fcy\u00fck tepkileri de beraberinde getirdi. Toplu ula\u015f\u0131m\u0131n ortak g\u00fczergah\u0131n\u0131n trafi\u011fe kapat\u0131lmas\u0131 \u00fczerine ba\u015fta dershaneye gidecek \u00f6\u011frenciler olmak \u00fczere, kentin farkl\u0131 noktalar\u0131ndan Pazar g\u00fcn\u00fc \u015fehir merkezine gelmek isteyen vatanda\u015flar b\u00fcy\u00fck s\u0131k\u0131nt\u0131 ya\u015fad\u0131. Belediye yetkilileri, artan \u015fikayetler \u00fczerine al\u0131nan yasak karar\u0131ndan geri ad\u0131m atmak zorunda kald\u0131.<\/p>\n<p>3 ayd\u0131r devam eden uygulaman\u0131n sona erdi\u011fini a\u00e7\u0131klayan Ba\u015fkan B\u00fclent Nuri \u00c7avu\u015fo\u011flu, uygulaman\u0131n bu hafta sonu itibariyle kald\u0131r\u0131laca\u011f\u0131n\u0131 a\u00e7\u0131klad\u0131. Talebin daha \u00e7ok \u00f6\u011frencilerden geldi\u011fini kaydeden \u00c7avu\u015fo\u011flu, &#8220;\u00d6\u011frencilerimiz dershane d\u00f6neminin ba\u015flamas\u0131 nedeniyle derslere ge\u00e7 kalmamak i\u00e7in b\u00f6yle bir uygulama talep etti. Biz de onlar\u0131n taleplerine uyuyoruz&#8221; dedi.<br \/><\/p>\n","protected":false},"excerpt":{"rendered":"<p>DEN\u0130ZL\u0130 (\u0130HA) \u2013 Denizli B\u00fcy\u00fck\u015fehir Belediye Meclisi taraf\u0131ndan ge\u00e7ti\u011fimiz May\u0131s ay\u0131nda ba\u015flat\u0131lan Gazi Mustafa Kemal Bulvar\u0131n\u0131n Pazar g\u00fcnleri trafi\u011fe kapat\u0131lmas\u0131 karar\u0131, \u00f6\u011frencilerin yo\u011fun \u015fikayetleri \u00fczerine kald\u0131r\u0131ld\u0131. Denizli B\u00fcy\u00fck\u015fehir Belediyesi taraf\u0131ndan May\u0131s ay\u0131nda Meclis karar\u0131yla ba\u015flat\u0131lan uygulamayla \u00c7aml\u0131k Caddesinin ard\u0131ndan Gazi Mustafa Kemal Bulvar\u0131 \u00fczerinde Pazar g\u00fcn\u00fc trafi\u011fe kapatma uygulamas\u0131 ba\u015flatm\u0131\u015ft\u0131. Proje kapsam\u0131nda Pazar g\u00fcnleri belirlenen&#8230;<\/p>\n","protected":false},"author":1,"featured_media":48480,"comment_status":"open","ping_status":"open","sticky":false,"template":"","format":"standard","meta":{"_crdt_document":"","footnotes":""},"categories":[1],"tags":[],"class_list":["post-48479","post","type-post","status-publish","format-standard","has-post-thumbnail","hentry","category-guncel"],"_links":{"self":[{"href":"https:\/\/www.egemtv.com\/index.php?rest_route=\/wp\/v2\/posts\/48479","targetHints":{"allow":["GET"]}}],"collection":[{"href":"https:\/\/www.egemtv.com\/index.php?rest_route=\/wp\/v2\/posts"}],"about":[{"href":"https:\/\/www.egemtv.com\/index.php?rest_route=\/wp\/v2\/types\/post"}],"author":[{"embeddable":true,"href":"https:\/\/www.egemtv.com\/index.php?rest_route=\/wp\/v2\/users\/1"}],"replies":[{"embeddable":true,"href":"https:\/\/www.egemtv.com\/index.php?rest_route=%2Fwp%2Fv2%2Fcomments&post=48479"}],"version-history":[{"count":1,"href":"https:\/\/www.egemtv.com\/index.php?rest_route=\/wp\/v2\/posts\/48479\/revisions"}],"predecessor-version":[{"id":48481,"href":"https:\/\/www.egemtv.com\/index.php?rest_route=\/wp\/v2\/posts\/48479\/revisions\/48481"}],"wp:featuredmedia":[{"embeddable":true,"href":"https:\/\/www.egemtv.com\/index.php?rest_route=\/wp\/v2\/media\/48480"}],"wp:attachment":[{"href":"https:\/\/www.egemtv.com\/index.php?rest_route=%2Fwp%2Fv2%2Fmedia&parent=48479"}],"wp:term":[{"taxonomy":"category","embeddable":true,"href":"https:\/\/www.egemtv.com\/index.php?rest_route=%2Fwp%2Fv2%2Fcategories&post=48479"},{"taxonomy":"post_tag","embeddable":true,"href":"https:\/\/www.egemtv.com\/index.php?rest_route=%2Fwp%2Fv2%2Ftags&post=48479"}],"curies":[{"name":"wp","href":"https:\/\/api.w.org\/{rel}","templated":true}]}}