{"id":48473,"date":"2025-08-13T09:54:44","date_gmt":"2025-08-13T06:54:44","guid":{"rendered":"https:\/\/www.egemtv.com\/?p=48473"},"modified":"2025-08-13T09:54:45","modified_gmt":"2025-08-13T06:54:45","slug":"kutahyada-yeni-egitim-ogretim-yilinda-tasimali-egitim-sureci-gorusuldu","status":"publish","type":"post","link":"https:\/\/www.egemtv.com\/?p=48473","title":{"rendered":"K\u00fctahya\u2019da yeni e\u011fitim \u00f6\u011fretim y\u0131l\u0131nda ta\u015f\u0131mal\u0131 e\u011fitim s\u00fcreci g\u00f6r\u00fc\u015f\u00fcld\u00fc"},"content":{"rendered":"<p>K\u00fctahya\u2019da \u0130l Mill\u00ee E\u011fitim M\u00fcd\u00fcr\u00fc Mustafa Y\u0131lmaz ba\u015fkanl\u0131\u011f\u0131nda ger\u00e7ekle\u015ftirilen toplant\u0131da, yeni e\u011fitim \u00f6\u011fretim y\u0131l\u0131nda ta\u015f\u0131mal\u0131 e\u011fitim s\u00fcreci ve yap\u0131lan planlamalar ele al\u0131nd\u0131.<br \/>\n<br \/>K\u00fctahya \u0130l Milli E\u011fitim M\u00fcd\u00fcrl\u00fc\u011f\u00fc taraf\u0131ndan, Destek Hizmetleri \u015eube M\u00fcd\u00fcr\u00fc H\u00fcseyin K\u00f6se ve il\u00e7e mill\u00ee e\u011fitim m\u00fcd\u00fcrlerinin \u00e7evrim i\u00e7i kat\u0131l\u0131m\u0131yla toplant\u0131 ger\u00e7ekle\u015ftirildi. M\u00fcd\u00fcr Y\u0131lmaz, s\u00fcrecin t\u00fcm il\u00e7elerde titizlikle y\u00fcr\u00fct\u00fclmesi ve \u00e7al\u0131\u015fmalar\u0131n yak\u0131ndan takip edilmesinin \u00f6nemini vurgulad\u0131. Toplant\u0131, kar\u015f\u0131l\u0131kl\u0131 g\u00f6r\u00fc\u015f al\u0131\u015fveri\u015finin ard\u0131ndan sona erdi.<br \/><\/p>\n","protected":false},"excerpt":{"rendered":"<p>K\u00fctahya\u2019da \u0130l Mill\u00ee E\u011fitim M\u00fcd\u00fcr\u00fc Mustafa Y\u0131lmaz ba\u015fkanl\u0131\u011f\u0131nda ger\u00e7ekle\u015ftirilen toplant\u0131da, yeni e\u011fitim \u00f6\u011fretim y\u0131l\u0131nda ta\u015f\u0131mal\u0131 e\u011fitim s\u00fcreci ve yap\u0131lan planlamalar ele al\u0131nd\u0131. K\u00fctahya \u0130l Milli E\u011fitim M\u00fcd\u00fcrl\u00fc\u011f\u00fc taraf\u0131ndan, Destek Hizmetleri \u015eube M\u00fcd\u00fcr\u00fc H\u00fcseyin K\u00f6se ve il\u00e7e mill\u00ee e\u011fitim m\u00fcd\u00fcrlerinin \u00e7evrim i\u00e7i kat\u0131l\u0131m\u0131yla toplant\u0131 ger\u00e7ekle\u015ftirildi. M\u00fcd\u00fcr Y\u0131lmaz, s\u00fcrecin t\u00fcm il\u00e7elerde titizlikle y\u00fcr\u00fct\u00fclmesi ve \u00e7al\u0131\u015fmalar\u0131n yak\u0131ndan takip&#8230;<\/p>\n","protected":false},"author":1,"featured_media":48474,"comment_status":"open","ping_status":"open","sticky":false,"template":"","format":"standard","meta":{"_crdt_document":"","footnotes":""},"categories":[1],"tags":[],"class_list":["post-48473","post","type-post","status-publish","format-standard","has-post-thumbnail","hentry","category-guncel"],"_links":{"self":[{"href":"https:\/\/www.egemtv.com\/index.php?rest_route=\/wp\/v2\/posts\/48473","targetHints":{"allow":["GET"]}}],"collection":[{"href":"https:\/\/www.egemtv.com\/index.php?rest_route=\/wp\/v2\/posts"}],"about":[{"href":"https:\/\/www.egemtv.com\/index.php?rest_route=\/wp\/v2\/types\/post"}],"author":[{"embeddable":true,"href":"https:\/\/www.egemtv.com\/index.php?rest_route=\/wp\/v2\/users\/1"}],"replies":[{"embeddable":true,"href":"https:\/\/www.egemtv.com\/index.php?rest_route=%2Fwp%2Fv2%2Fcomments&post=48473"}],"version-history":[{"count":1,"href":"https:\/\/www.egemtv.com\/index.php?rest_route=\/wp\/v2\/posts\/48473\/revisions"}],"predecessor-version":[{"id":48475,"href":"https:\/\/www.egemtv.com\/index.php?rest_route=\/wp\/v2\/posts\/48473\/revisions\/48475"}],"wp:featuredmedia":[{"embeddable":true,"href":"https:\/\/www.egemtv.com\/index.php?rest_route=\/wp\/v2\/media\/48474"}],"wp:attachment":[{"href":"https:\/\/www.egemtv.com\/index.php?rest_route=%2Fwp%2Fv2%2Fmedia&parent=48473"}],"wp:term":[{"taxonomy":"category","embeddable":true,"href":"https:\/\/www.egemtv.com\/index.php?rest_route=%2Fwp%2Fv2%2Fcategories&post=48473"},{"taxonomy":"post_tag","embeddable":true,"href":"https:\/\/www.egemtv.com\/index.php?rest_route=%2Fwp%2Fv2%2Ftags&post=48473"}],"curies":[{"name":"wp","href":"https:\/\/api.w.org\/{rel}","templated":true}]}}