{"id":48461,"date":"2025-08-13T09:35:06","date_gmt":"2025-08-13T06:35:06","guid":{"rendered":"https:\/\/www.egemtv.com\/?p=48461"},"modified":"2025-08-13T09:35:07","modified_gmt":"2025-08-13T06:35:07","slug":"didim-belediyesi-temizlik-calismalarina-araliksiz-devam-ediyor","status":"publish","type":"post","link":"https:\/\/www.egemtv.com\/?p=48461","title":{"rendered":"Didim Belediyesi temizlik \u00e7al\u0131\u015fmalar\u0131na aral\u0131ks\u0131z devam ediyor"},"content":{"rendered":"<p>Didim Belediyesi, halk\u0131n daha temiz, d\u00fczenli ve ya\u015fanabilir bir kentte ya\u015fam\u0131n\u0131 s\u00fcrd\u00fcrebilmesi amac\u0131yla temizlik \u00e7al\u0131\u015fmalar\u0131n\u0131 aral\u0131ks\u0131z s\u00fcrd\u00fcr\u00fcyor.<\/p>\n<p>Temizlik \u0130\u015fleri M\u00fcd\u00fcrl\u00fc\u011f\u00fc ekipleri, belirlenen program \u00e7er\u00e7evesinde kentin d\u00f6rt bir yan\u0131nda sahil temizli\u011fi, m\u0131nt\u0131ka \u00e7al\u0131\u015fmalar\u0131 ve genel \u00e7evre d\u00fczenlemelerini titizlikle ger\u00e7ekle\u015ftiriyor. Bunun yan\u0131 s\u0131ra, il\u00e7e genelinde yer alan yer alt\u0131 ve yer \u00fcst\u00fc \u00e7\u00f6p konteynerlerinde d\u00fczenli olarak y\u0131kama ve dezenfeksiyon \u00e7al\u0131\u015fmalar\u0131 yap\u0131larak hem hijyen hem de \u00e7evre sa\u011fl\u0131\u011f\u0131 en \u00fcst d\u00fczeyde tutuluyor. Yaz sezonunda artan turist yo\u011funlu\u011fuyla birlikte temizlik \u00e7al\u0131\u015fmalar\u0131 daha da yo\u011funla\u015ft\u0131r\u0131l\u0131rken, Didim Belediyesi hem halk\u0131n hem de misafirlerin daha temiz bir \u00e7evrede ya\u015famalar\u0131n\u0131 ve tatillerini ge\u00e7irmelerini hedefliyor.<\/p>\n<p>Didim Belediye Ba\u015fkan\u0131 Hatice Gen\u00e7ay, konuya ili\u015fkin yapt\u0131\u011f\u0131 a\u00e7\u0131klamada, &#8220;Didim Belediyesi olarak, temiz, d\u00fczenli ve ya\u015fanabilir bir kent hedefiyle \u00e7al\u0131\u015fmalar\u0131m\u0131za ara vermeden devam ediyoruz. Ekiplerimiz, belirlenen program do\u011frultusunda kentin her noktas\u0131nda g\u00f6rev ba\u015f\u0131nda olacak. Halk\u0131m\u0131zdan, \u00e7evreyi kirletmemeleri ve temizlik \u00e7al\u0131\u015fmalar\u0131na destek olmalar\u0131 konusunda duyarl\u0131l\u0131k bekliyor; hep birlikte daha temiz bir Didim i\u00e7in \u00e7al\u0131\u015fmay\u0131 s\u00fcrd\u00fcr\u00fcyoruz&#8221; dedi.<br \/><\/p>\n","protected":false},"excerpt":{"rendered":"<p>Didim Belediyesi, halk\u0131n daha temiz, d\u00fczenli ve ya\u015fanabilir bir kentte ya\u015fam\u0131n\u0131 s\u00fcrd\u00fcrebilmesi amac\u0131yla temizlik \u00e7al\u0131\u015fmalar\u0131n\u0131 aral\u0131ks\u0131z s\u00fcrd\u00fcr\u00fcyor. Temizlik \u0130\u015fleri M\u00fcd\u00fcrl\u00fc\u011f\u00fc ekipleri, belirlenen program \u00e7er\u00e7evesinde kentin d\u00f6rt bir yan\u0131nda sahil temizli\u011fi, m\u0131nt\u0131ka \u00e7al\u0131\u015fmalar\u0131 ve genel \u00e7evre d\u00fczenlemelerini titizlikle ger\u00e7ekle\u015ftiriyor. Bunun yan\u0131 s\u0131ra, il\u00e7e genelinde yer alan yer alt\u0131 ve yer \u00fcst\u00fc \u00e7\u00f6p konteynerlerinde d\u00fczenli olarak y\u0131kama&#8230;<\/p>\n","protected":false},"author":1,"featured_media":48462,"comment_status":"open","ping_status":"open","sticky":false,"template":"","format":"standard","meta":{"_crdt_document":"","footnotes":""},"categories":[1],"tags":[],"class_list":["post-48461","post","type-post","status-publish","format-standard","has-post-thumbnail","hentry","category-guncel"],"_links":{"self":[{"href":"https:\/\/www.egemtv.com\/index.php?rest_route=\/wp\/v2\/posts\/48461","targetHints":{"allow":["GET"]}}],"collection":[{"href":"https:\/\/www.egemtv.com\/index.php?rest_route=\/wp\/v2\/posts"}],"about":[{"href":"https:\/\/www.egemtv.com\/index.php?rest_route=\/wp\/v2\/types\/post"}],"author":[{"embeddable":true,"href":"https:\/\/www.egemtv.com\/index.php?rest_route=\/wp\/v2\/users\/1"}],"replies":[{"embeddable":true,"href":"https:\/\/www.egemtv.com\/index.php?rest_route=%2Fwp%2Fv2%2Fcomments&post=48461"}],"version-history":[{"count":1,"href":"https:\/\/www.egemtv.com\/index.php?rest_route=\/wp\/v2\/posts\/48461\/revisions"}],"predecessor-version":[{"id":48463,"href":"https:\/\/www.egemtv.com\/index.php?rest_route=\/wp\/v2\/posts\/48461\/revisions\/48463"}],"wp:featuredmedia":[{"embeddable":true,"href":"https:\/\/www.egemtv.com\/index.php?rest_route=\/wp\/v2\/media\/48462"}],"wp:attachment":[{"href":"https:\/\/www.egemtv.com\/index.php?rest_route=%2Fwp%2Fv2%2Fmedia&parent=48461"}],"wp:term":[{"taxonomy":"category","embeddable":true,"href":"https:\/\/www.egemtv.com\/index.php?rest_route=%2Fwp%2Fv2%2Fcategories&post=48461"},{"taxonomy":"post_tag","embeddable":true,"href":"https:\/\/www.egemtv.com\/index.php?rest_route=%2Fwp%2Fv2%2Ftags&post=48461"}],"curies":[{"name":"wp","href":"https:\/\/api.w.org\/{rel}","templated":true}]}}