{"id":48458,"date":"2025-08-13T09:35:05","date_gmt":"2025-08-13T06:35:05","guid":{"rendered":"https:\/\/www.egemtv.com\/?p=48458"},"modified":"2025-08-13T09:35:05","modified_gmt":"2025-08-13T06:35:05","slug":"hedefe-tam-isabet-yapan-okcular-sampiyona-biletini-aldi","status":"publish","type":"post","link":"https:\/\/www.egemtv.com\/?p=48458","title":{"rendered":"Hedefe tam isabet yapan ok\u00e7ular \u015fampiyona biletini ald\u0131"},"content":{"rendered":"<p>Ok\u00e7uluk Yaz Turnuvas\u0131 Denizli\u2019de 90 sporcunun kat\u0131l\u0131m\u0131yla Zafer Katranc\u0131 Tesislerinde ger\u00e7ekle\u015fti. Minikler, y\u0131ld\u0131zlar, gen\u00e7ler ve b\u00fcy\u00fckler kategorilerinde d\u00fczenlenen m\u00fcsabakalarda sporcular, dereceye girerek T\u00fcrkiye \u015fampiyonas\u0131 bileti i\u00e7in hedefe oklar\u0131n\u0131 att\u0131.<\/p>\n<p>Denizli Gen\u00e7lik ve Spor \u0130l M\u00fcd\u00fcrl\u00fc\u011f\u00fc ve Ok\u00e7uluk Federasyonu \u0130l Temsilcili\u011fi i\u015f birli\u011finde d\u00fczenlenen Ok\u00e7uluk Yaz Turnuvas\u0131 hafta sonu yap\u0131ld\u0131. S\u0131cak havaya ra\u011fmen y\u00fcksek kat\u0131l\u0131m\u0131n oldu\u011fu yar\u0131\u015fmalarda 90 sporcu turnuvada yar\u0131\u015ft\u0131. Organizasyona Denizli\u2019nin yan\u0131 s\u0131ra Mu\u011fla Ok\u00e7uluk Tak\u0131m\u0131 da kat\u0131ld\u0131.<\/p>\n<p>Organizasyonun sporculara deneyim kazand\u0131rmak amac\u0131yla d\u00fczenlendi\u011fini belirten Denizli Ok\u00e7uluk \u0130l Temsilcisi Sevin\u00e7 Bursal\u0131, &#8220;Denizli\u2019de ok\u00e7uluk art\u0131k ivme kazanmaya ba\u015flad\u0131. \u00c7ocuklar tecr\u00fcbe kazand\u0131k\u00e7a ba\u015far\u0131 oran\u0131m\u0131z art\u0131yor. Kazanan kaybeden t\u00fcm sporcular\u0131 tebrik ediyorum&#8221; diye konu\u015ftu.<\/p>\n<p>M\u00fcsabakalar sonunda dereceye giren sporculara madalyalar\u0131 takdim edildi. Turnuvada dereceye girenler sporcular \u00f6n\u00fcm\u00fczdeki aylarda d\u00fczenlenecek T\u00fcrkiye \u015eampiyonas\u0131\u2019nda Denizli\u2019yi temsil etme hakk\u0131 kazand\u0131.<br \/><\/p>\n","protected":false},"excerpt":{"rendered":"<p>Ok\u00e7uluk Yaz Turnuvas\u0131 Denizli\u2019de 90 sporcunun kat\u0131l\u0131m\u0131yla Zafer Katranc\u0131 Tesislerinde ger\u00e7ekle\u015fti. Minikler, y\u0131ld\u0131zlar, gen\u00e7ler ve b\u00fcy\u00fckler kategorilerinde d\u00fczenlenen m\u00fcsabakalarda sporcular, dereceye girerek T\u00fcrkiye \u015fampiyonas\u0131 bileti i\u00e7in hedefe oklar\u0131n\u0131 att\u0131. Denizli Gen\u00e7lik ve Spor \u0130l M\u00fcd\u00fcrl\u00fc\u011f\u00fc ve Ok\u00e7uluk Federasyonu \u0130l Temsilcili\u011fi i\u015f birli\u011finde d\u00fczenlenen Ok\u00e7uluk Yaz Turnuvas\u0131 hafta sonu yap\u0131ld\u0131. S\u0131cak havaya ra\u011fmen y\u00fcksek kat\u0131l\u0131m\u0131n oldu\u011fu&#8230;<\/p>\n","protected":false},"author":1,"featured_media":48459,"comment_status":"open","ping_status":"open","sticky":false,"template":"","format":"standard","meta":{"_crdt_document":"","footnotes":""},"categories":[4],"tags":[],"class_list":["post-48458","post","type-post","status-publish","format-standard","has-post-thumbnail","hentry","category-spor"],"_links":{"self":[{"href":"https:\/\/www.egemtv.com\/index.php?rest_route=\/wp\/v2\/posts\/48458","targetHints":{"allow":["GET"]}}],"collection":[{"href":"https:\/\/www.egemtv.com\/index.php?rest_route=\/wp\/v2\/posts"}],"about":[{"href":"https:\/\/www.egemtv.com\/index.php?rest_route=\/wp\/v2\/types\/post"}],"author":[{"embeddable":true,"href":"https:\/\/www.egemtv.com\/index.php?rest_route=\/wp\/v2\/users\/1"}],"replies":[{"embeddable":true,"href":"https:\/\/www.egemtv.com\/index.php?rest_route=%2Fwp%2Fv2%2Fcomments&post=48458"}],"version-history":[{"count":1,"href":"https:\/\/www.egemtv.com\/index.php?rest_route=\/wp\/v2\/posts\/48458\/revisions"}],"predecessor-version":[{"id":48460,"href":"https:\/\/www.egemtv.com\/index.php?rest_route=\/wp\/v2\/posts\/48458\/revisions\/48460"}],"wp:featuredmedia":[{"embeddable":true,"href":"https:\/\/www.egemtv.com\/index.php?rest_route=\/wp\/v2\/media\/48459"}],"wp:attachment":[{"href":"https:\/\/www.egemtv.com\/index.php?rest_route=%2Fwp%2Fv2%2Fmedia&parent=48458"}],"wp:term":[{"taxonomy":"category","embeddable":true,"href":"https:\/\/www.egemtv.com\/index.php?rest_route=%2Fwp%2Fv2%2Fcategories&post=48458"},{"taxonomy":"post_tag","embeddable":true,"href":"https:\/\/www.egemtv.com\/index.php?rest_route=%2Fwp%2Fv2%2Ftags&post=48458"}],"curies":[{"name":"wp","href":"https:\/\/api.w.org\/{rel}","templated":true}]}}