{"id":48455,"date":"2025-08-13T09:35:02","date_gmt":"2025-08-13T06:35:02","guid":{"rendered":"https:\/\/www.egemtv.com\/?p=48455"},"modified":"2025-08-13T09:35:05","modified_gmt":"2025-08-13T06:35:05","slug":"babadagda-gecen-yil-yanan-bolgelere-agaclandirma-calismalari-surduruluyor","status":"publish","type":"post","link":"https:\/\/www.egemtv.com\/?p=48455","title":{"rendered":"Babada\u011f\u2019da ge\u00e7en y\u0131l yanan b\u00f6lgelere a\u011fa\u00e7land\u0131rma \u00e7al\u0131\u015fmalar\u0131 s\u00fcrd\u00fcr\u00fcl\u00fcyor"},"content":{"rendered":"<p>Denizli\u2019nin Babada\u011f il\u00e7esinde ge\u00e7en y\u0131l meydana gelen orman yang\u0131n\u0131n ard\u0131ndan alanda yap\u0131lan temizlik \u00e7al\u0131\u015fmalar\u0131n\u0131n ard\u0131ndan a\u011fa\u00e7land\u0131rma \u00e7al\u0131\u015fmalar\u0131 s\u00fcrd\u00fcr\u00fcl\u00fcyor.<\/p>\n<p>Denizli\u2019nin Babada\u011f il\u00e7esinde 14 Haziran 2024 tarihinde meydana gelen orman yang\u0131n\u0131nda zarar g\u00f6ren alanlarda yang\u0131n sonras\u0131 y\u00fcr\u00fct\u00fclen \u00e7al\u0131\u015fmalar kapsam\u0131nda a\u011fa\u00e7lar kesilerek alandan temizlendi. Sonras\u0131nda arazi haz\u0131rl\u0131\u011f\u0131 ve teras yap\u0131m\u0131na ba\u015flanarak 2025 y\u0131l\u0131 sonbahar d\u00f6neminde fidan dikimi ger\u00e7ekle\u015ftirilerek tekrar ye\u015fil \u00f6rt\u00fcs\u00fcne kavu\u015fturulmas\u0131 i\u00e7in \u00e7al\u0131\u015fmalar s\u00fcrd\u00fcr\u00fcl\u00fcyor.<br \/><\/p>\n","protected":false},"excerpt":{"rendered":"<p>Denizli\u2019nin Babada\u011f il\u00e7esinde ge\u00e7en y\u0131l meydana gelen orman yang\u0131n\u0131n ard\u0131ndan alanda yap\u0131lan temizlik \u00e7al\u0131\u015fmalar\u0131n\u0131n ard\u0131ndan a\u011fa\u00e7land\u0131rma \u00e7al\u0131\u015fmalar\u0131 s\u00fcrd\u00fcr\u00fcl\u00fcyor. Denizli\u2019nin Babada\u011f il\u00e7esinde 14 Haziran 2024 tarihinde meydana gelen orman yang\u0131n\u0131nda zarar g\u00f6ren alanlarda yang\u0131n sonras\u0131 y\u00fcr\u00fct\u00fclen \u00e7al\u0131\u015fmalar kapsam\u0131nda a\u011fa\u00e7lar kesilerek alandan temizlendi. Sonras\u0131nda arazi haz\u0131rl\u0131\u011f\u0131 ve teras yap\u0131m\u0131na ba\u015flanarak 2025 y\u0131l\u0131 sonbahar d\u00f6neminde fidan dikimi ger\u00e7ekle\u015ftirilerek&#8230;<\/p>\n","protected":false},"author":1,"featured_media":48456,"comment_status":"open","ping_status":"open","sticky":false,"template":"","format":"standard","meta":{"_crdt_document":"","footnotes":""},"categories":[1],"tags":[],"class_list":["post-48455","post","type-post","status-publish","format-standard","has-post-thumbnail","hentry","category-guncel"],"_links":{"self":[{"href":"https:\/\/www.egemtv.com\/index.php?rest_route=\/wp\/v2\/posts\/48455","targetHints":{"allow":["GET"]}}],"collection":[{"href":"https:\/\/www.egemtv.com\/index.php?rest_route=\/wp\/v2\/posts"}],"about":[{"href":"https:\/\/www.egemtv.com\/index.php?rest_route=\/wp\/v2\/types\/post"}],"author":[{"embeddable":true,"href":"https:\/\/www.egemtv.com\/index.php?rest_route=\/wp\/v2\/users\/1"}],"replies":[{"embeddable":true,"href":"https:\/\/www.egemtv.com\/index.php?rest_route=%2Fwp%2Fv2%2Fcomments&post=48455"}],"version-history":[{"count":1,"href":"https:\/\/www.egemtv.com\/index.php?rest_route=\/wp\/v2\/posts\/48455\/revisions"}],"predecessor-version":[{"id":48457,"href":"https:\/\/www.egemtv.com\/index.php?rest_route=\/wp\/v2\/posts\/48455\/revisions\/48457"}],"wp:featuredmedia":[{"embeddable":true,"href":"https:\/\/www.egemtv.com\/index.php?rest_route=\/wp\/v2\/media\/48456"}],"wp:attachment":[{"href":"https:\/\/www.egemtv.com\/index.php?rest_route=%2Fwp%2Fv2%2Fmedia&parent=48455"}],"wp:term":[{"taxonomy":"category","embeddable":true,"href":"https:\/\/www.egemtv.com\/index.php?rest_route=%2Fwp%2Fv2%2Fcategories&post=48455"},{"taxonomy":"post_tag","embeddable":true,"href":"https:\/\/www.egemtv.com\/index.php?rest_route=%2Fwp%2Fv2%2Ftags&post=48455"}],"curies":[{"name":"wp","href":"https:\/\/api.w.org\/{rel}","templated":true}]}}