{"id":48431,"date":"2025-08-12T21:34:41","date_gmt":"2025-08-12T18:34:41","guid":{"rendered":"https:\/\/www.egemtv.com\/?p=48431"},"modified":"2025-08-12T21:34:42","modified_gmt":"2025-08-12T18:34:42","slug":"usaktaki-orman-yangini-kismen-kontrol-altina-alindi-2","status":"publish","type":"post","link":"https:\/\/www.egemtv.com\/?p=48431","title":{"rendered":"U\u015fak\u2019taki orman yang\u0131n\u0131 k\u0131smen kontrol alt\u0131na al\u0131nd\u0131"},"content":{"rendered":"<p>U\u015fak\u2019\u0131n Banaz il\u00e7esinde \u00e7\u0131kan orman yang\u0131n\u0131 ekiplerin havadan ve karadan m\u00fcdahalesi sonucu k\u0131smen kontrol alt\u0131na al\u0131nd\u0131.<br \/>\n<br \/>U\u015fak\u2019\u0131n Banaz il\u00e7esine ba\u011fl\u0131 Yenice ve Pa\u015fac\u0131k k\u00f6yleri aras\u0131nda bulunan ormanl\u0131k alanda hen\u00fcz bilinmeyen bir nedenle yang\u0131n \u00e7\u0131kt\u0131. Duman ve alevleri fark eden \u00e7evredeki vatanda\u015flar bir yandan yang\u0131na m\u00fcdahale ederken, di\u011fer yandan ise ihbarda bulundu. \u0130hbar \u00fczerine b\u00f6lgeye 17 araz\u00f6z, 3 i\u015f makinesi, 12 ilk m\u00fcdahale arac\u0131, 1 u\u00e7ak, 7 helikopter ve 115 personel sevk edildi. Ekiplerin havadan ve karadan m\u00fcdahalesi sonucu yang\u0131n k\u0131smen kontrol alt\u0131na al\u0131nd\u0131.<br \/>\n<br \/>Havan\u0131n kararmas\u0131n\u0131n ard\u0131ndan hava m\u00fcdahalesi sona ererken, karadan ekiplerin so\u011futma \u00e7al\u0131\u015fmalar\u0131 devam ediyor.<br \/><\/p>\n","protected":false},"excerpt":{"rendered":"<p>U\u015fak\u2019\u0131n Banaz il\u00e7esinde \u00e7\u0131kan orman yang\u0131n\u0131 ekiplerin havadan ve karadan m\u00fcdahalesi sonucu k\u0131smen kontrol alt\u0131na al\u0131nd\u0131. U\u015fak\u2019\u0131n Banaz il\u00e7esine ba\u011fl\u0131 Yenice ve Pa\u015fac\u0131k k\u00f6yleri aras\u0131nda bulunan ormanl\u0131k alanda hen\u00fcz bilinmeyen bir nedenle yang\u0131n \u00e7\u0131kt\u0131. Duman ve alevleri fark eden \u00e7evredeki vatanda\u015flar bir yandan yang\u0131na m\u00fcdahale ederken, di\u011fer yandan ise ihbarda bulundu. \u0130hbar \u00fczerine b\u00f6lgeye 17&#8230;<\/p>\n","protected":false},"author":1,"featured_media":48432,"comment_status":"open","ping_status":"open","sticky":false,"template":"","format":"standard","meta":{"_crdt_document":"","footnotes":""},"categories":[5],"tags":[],"class_list":["post-48431","post","type-post","status-publish","format-standard","has-post-thumbnail","hentry","category-asayis"],"_links":{"self":[{"href":"https:\/\/www.egemtv.com\/index.php?rest_route=\/wp\/v2\/posts\/48431","targetHints":{"allow":["GET"]}}],"collection":[{"href":"https:\/\/www.egemtv.com\/index.php?rest_route=\/wp\/v2\/posts"}],"about":[{"href":"https:\/\/www.egemtv.com\/index.php?rest_route=\/wp\/v2\/types\/post"}],"author":[{"embeddable":true,"href":"https:\/\/www.egemtv.com\/index.php?rest_route=\/wp\/v2\/users\/1"}],"replies":[{"embeddable":true,"href":"https:\/\/www.egemtv.com\/index.php?rest_route=%2Fwp%2Fv2%2Fcomments&post=48431"}],"version-history":[{"count":1,"href":"https:\/\/www.egemtv.com\/index.php?rest_route=\/wp\/v2\/posts\/48431\/revisions"}],"predecessor-version":[{"id":48433,"href":"https:\/\/www.egemtv.com\/index.php?rest_route=\/wp\/v2\/posts\/48431\/revisions\/48433"}],"wp:featuredmedia":[{"embeddable":true,"href":"https:\/\/www.egemtv.com\/index.php?rest_route=\/wp\/v2\/media\/48432"}],"wp:attachment":[{"href":"https:\/\/www.egemtv.com\/index.php?rest_route=%2Fwp%2Fv2%2Fmedia&parent=48431"}],"wp:term":[{"taxonomy":"category","embeddable":true,"href":"https:\/\/www.egemtv.com\/index.php?rest_route=%2Fwp%2Fv2%2Fcategories&post=48431"},{"taxonomy":"post_tag","embeddable":true,"href":"https:\/\/www.egemtv.com\/index.php?rest_route=%2Fwp%2Fv2%2Ftags&post=48431"}],"curies":[{"name":"wp","href":"https:\/\/api.w.org\/{rel}","templated":true}]}}