{"id":4843,"date":"2025-01-08T10:46:11","date_gmt":"2025-01-08T07:46:11","guid":{"rendered":"https:\/\/www.egemtv.com\/?p=4843"},"modified":"2025-01-08T10:46:21","modified_gmt":"2025-01-08T07:46:21","slug":"izmir-inciralti-sahilini-deniz-marulu-sardi","status":"publish","type":"post","link":"https:\/\/www.egemtv.com\/?p=4843","title":{"rendered":"\u0130zmir \u0130nciralt\u0131 sahilini deniz marulu sard\u0131"},"content":{"rendered":"<p>\u0130zmir\u2019de \u0130nciralt\u0131 sahili k\u0131y\u0131lar\u0131nda deniz marulunun art\u0131\u015fa ge\u00e7ti\u011fi g\u00f6r\u00fcld\u00fc. T\u00fcrkiye Bilimler Akademisi (T\u00dcBA) \u00c7evre, Biyo\u00e7e\u015fitlilik ve \u0130klim De\u011fi\u015fikli\u011fi \u00c7al\u0131\u015fma Grubu \u00dcyesi Prof. Dr. Do\u011fan Ya\u015far, \u201cDeniz marulu, k\u00f6rfezin doygunlu\u011fa eri\u015fti\u011finin bir g\u00f6stergesidir. \u2018Ar\u0131tmalar\u0131 \u00e7al\u0131\u015ft\u0131r\u0131n. Yoksa yeniden eski g\u00fcnlere d\u00f6nece\u011fiz\u2019 diye defalarca uyard\u0131k. \u015eu anda b\u00fct\u00fcn zamanlar\u0131n en k\u00f6t\u00fc halini ya\u015f\u0131yoruz\u201d dedi.<br \/>\n<br \/>\u0130zmir\u2019in K\u00f6rfezi\u2019nde s\u0131kl\u0131kla ortaya \u00e7\u0131kan ve halk aras\u0131nda \u2018deniz marulu\u2019 olarak da bilinen algler yeniden art\u0131\u015f g\u00f6sterdi. Daha \u00f6nce defalarca Bostanl\u0131 ve Kar\u015f\u0131yaka k\u0131y\u0131lar\u0131nda da g\u00f6r\u00fclen deniz marulu, y\u00fczlerce \u00e7e\u015fit canl\u0131 t\u00fcr\u00fcne ev sahipli\u011fi yapan \u00c7akalburnu Dalyan\u0131\u2019n\u0131n bir noktas\u0131nda deniz y\u00fczeyini kaplad\u0131.<\/p>\n<p>\u201cB\u00fct\u00fcn zamanlar\u0131n en k\u00f6t\u00fc halini ya\u015f\u0131yoruz\u201d<br \/>\n<br \/>T\u00dcBA \u00c7evre, Biyo\u00e7e\u015fitlilik ve \u0130klim De\u011fi\u015fikli\u011fi \u00c7al\u0131\u015fma Grubu \u00dcyesi Prof. Dr. Do\u011fan Ya\u015far, deniz marullar\u0131n\u0131n ortaya \u00e7\u0131kmas\u0131n\u0131n normal bir durum olmad\u0131\u011f\u0131n\u0131 belirtti. Deniz marulunun, k\u00f6rfezin doygunlu\u011fa eri\u015fti\u011finin bir g\u00f6stergesi oldu\u011funa de\u011finen Prof. Dr. Ya\u015far, \u201c2012\u2019den sonra biz bunlar\u0131 g\u00f6rmeye ba\u015flad\u0131k. 2002 y\u0131l\u0131nda b\u00fct\u00fcn \u0130zmir K\u00f6rfezi, b\u00fcy\u00fck kanal projesinden sonra b\u00fct\u00fcn ar\u0131tmalar \u00e7al\u0131\u015fmaya ba\u015flad\u0131. K\u00f6rfezimiz masmaviydi. \u2018Ar\u0131tmalar\u0131 \u00e7al\u0131\u015ft\u0131r\u0131n. Yoksa yeniden eski g\u00fcnlere d\u00f6nece\u011fiz\u2019 diye defalarca uyard\u0131k. \u015eu anda b\u00fct\u00fcn zamanlar\u0131n en k\u00f6t\u00fc halini ya\u015f\u0131yoruz\u201d \u015feklinde konu\u015ftu.<\/p>\n<p>\u201cAr\u0131tma \u00e7al\u0131\u015ft\u0131r\u0131ld\u0131ktan 1 y\u0131l sonra deniz masmavi olur\u201d<br \/>\n<br \/>\u00d6zellikle 2020\u2019den sonra deniz marullar\u0131n\u0131n art\u0131k her an g\u00f6r\u00fcr olmaya ba\u015fland\u0131\u011f\u0131na dikkat \u00e7eken Ya\u015far, \u201c\u00d6nceden yaln\u0131zca bahar aylar\u0131nda g\u00f6r\u00fcyorduk ama sonradan y\u0131l\u0131n 12 ay\u0131nda, biraz hava s\u0131cakl\u0131\u011f\u0131 artt\u0131\u011f\u0131 anda g\u00f6rmeye ba\u015flad\u0131k. Kirlilik i\u00e7in \u2018K\u00fcresel \u0131s\u0131nma\u2019 denildi ama hi\u00e7 ilgisi yok. Is\u0131nma bunlar\u0131 tetikler ama e\u011fer ortamda kirlilik yoksa, hi\u00e7bir \u015fey olmaz. Deniz masmavi olur. Belediye 20-30 tane \u00e7evre m\u00fchendisi istihdam edecek. 7\/24 b\u00fct\u00fcn fabrikalardan su \u00f6rne\u011fi alacak. \u00c7at\u0131\u015fmalar var. Bunlar anlams\u0131z \u00e7at\u0131\u015fmalar. Yap\u0131lacak tek bir konu var. Ar\u0131tmalar \u00e7al\u0131\u015ft\u0131r\u0131ld\u0131ktan 1 y\u0131l sonra deniz masmavi olur. Hi\u00e7bir sorunumuz da kalmaz\u201d a\u00e7\u0131klamalar\u0131na yer verdi.<\/p>\n<p>\u201cKirlilik en \u00e7ok ekonomik olarak \u0130zmir\u2019i vuruyor\u201d<br \/>\n<br \/>D\u00fcnyada \u0130zmir gibi bir kentin olmad\u0131\u011f\u0131n\u0131 ve ku\u015f cenneti, jeotermali ile k\u00f6rfezin \u00e7ok zengin oldu\u011funu anlatan Prof. Dr. Ya\u015far, \u015funlar\u0131 kaydetti:<br \/>\n<br \/>\u201c\u0130zmir \u0130\u00e7 K\u00f6rfezi, b\u00fct\u00fcn Akdeniz\u2019in bal\u0131k\u00e7\u0131l\u0131k a\u00e7\u0131s\u0131ndan en de\u011ferli k\u00f6rfezidir. Akdeniz\u2019de b\u00f6yle bir k\u00f6rfez yok. Bizim bunlar\u0131 ekonomik olarak potansiyele \u00e7evirebilmemiz i\u00e7in \u00f6nce kirlilikten kurtarmam\u0131z gerekiyor. Ama \u00f6nce temizlenmesi gerekir. Kirlilik en \u00e7ok ekonomik olarak \u0130zmir\u2019i vuruyor.\u201d<\/p>\n<p>\u201cBir \u015fey yap\u0131lmazsa bal\u0131k \u00f6l\u00fcmlerini g\u00f6rebiliriz\u201d<br \/>\n<br \/>S\u0131cakl\u0131\u011f\u0131n her zaman i\u00e7in \u00e7ok g\u00fczel bir avantaj oldu\u011funa dikkat \u00e7eken Ya\u015far, ancak bu durumun denizlerde ciddi bir fitoplankton patlamas\u0131na neden olabilece\u011fini de ifade etti. S\u00f6zlerini s\u00fcrd\u00fcren Ya\u015far, \u015f\u00f6yle konu\u015ftu:<br \/>\n<br \/>\u201c\u0130lk etapta bu g\u00fczeldir. Ama \u00e7ok a\u015f\u0131r\u0131 n\u00fctrient oldu\u011fu i\u00e7in s\u0131cakl\u0131kla beraber m\u00fcthi\u015f bir patlama olur ve binlerce bal\u0131k \u00f6l\u00fcr. Bunlar a\u015f\u0131r\u0131 besinden \u00f6l\u00fcyor. E\u011fer bir \u015fey yap\u0131lmazsa bu yaz da bal\u0131k \u00f6l\u00fcmlerini g\u00f6rebiliriz.\u201d<br \/>\n<br \/><img fetchpriority=\"high\" decoding=\"async\" width=\"1280\" height=\"719\" src=\"https:\/\/www.egemtv.com\/wp-content\/uploads\/2025\/01\/izmir-inciralti-sahilini-deniz-marulu-sardi_4f663dc2b30f.jpg\" class=\"attachment-full size-full not-transparent\" alt=\"\" data-has-transparency=\"false\" data-dominant-color=\"696e6b\" style=\"--dominant-color: #696e6b\" \/><img decoding=\"async\" width=\"1280\" height=\"853\" src=\"https:\/\/www.egemtv.com\/wp-content\/uploads\/2025\/01\/izmir-inciralti-sahilini-deniz-marulu-sardi_c3db50bb3694.jpg\" class=\"attachment-full size-full not-transparent\" alt=\"\" data-has-transparency=\"false\" data-dominant-color=\"8c918c\" style=\"--dominant-color: #8c918c\" \/><img decoding=\"async\" width=\"1280\" height=\"719\" src=\"https:\/\/www.egemtv.com\/wp-content\/uploads\/2025\/01\/izmir-inciralti-sahilini-deniz-marulu-sardi_88e1644d4365.jpg\" class=\"attachment-full size-full not-transparent\" alt=\"\" data-has-transparency=\"false\" data-dominant-color=\"757878\" style=\"--dominant-color: #757878\" \/><img loading=\"lazy\" decoding=\"async\" width=\"1280\" height=\"853\" src=\"https:\/\/www.egemtv.com\/wp-content\/uploads\/2025\/01\/izmir-inciralti-sahilini-deniz-marulu-sardi_feb6ffd48905.jpg\" class=\"attachment-full size-full not-transparent\" alt=\"\" data-has-transparency=\"false\" data-dominant-color=\"5e6b62\" style=\"--dominant-color: #5e6b62\" \/><img loading=\"lazy\" decoding=\"async\" width=\"1280\" height=\"853\" src=\"https:\/\/www.egemtv.com\/wp-content\/uploads\/2025\/01\/izmir-inciralti-sahilini-deniz-marulu-sardi_6b7bd8aaea33.jpg\" class=\"attachment-full size-full not-transparent\" alt=\"\" data-has-transparency=\"false\" data-dominant-color=\"999b95\" style=\"--dominant-color: #999b95\" \/><\/p>\n","protected":false},"excerpt":{"rendered":"<p>\u0130zmir\u2019de \u0130nciralt\u0131 sahili k\u0131y\u0131lar\u0131nda deniz marulunun art\u0131\u015fa ge\u00e7ti\u011fi g\u00f6r\u00fcld\u00fc. T\u00fcrkiye Bilimler Akademisi (T\u00dcBA) \u00c7evre, Biyo\u00e7e\u015fitlilik ve \u0130klim De\u011fi\u015fikli\u011fi \u00c7al\u0131\u015fma Grubu \u00dcyesi Prof. Dr. Do\u011fan Ya\u015far, \u201cDeniz marulu, k\u00f6rfezin doygunlu\u011fa eri\u015fti\u011finin bir g\u00f6stergesidir. \u2018Ar\u0131tmalar\u0131 \u00e7al\u0131\u015ft\u0131r\u0131n. Yoksa yeniden eski g\u00fcnlere d\u00f6nece\u011fiz\u2019 diye defalarca uyard\u0131k. \u015eu anda b\u00fct\u00fcn zamanlar\u0131n en k\u00f6t\u00fc halini ya\u015f\u0131yoruz\u201d dedi. \u0130zmir\u2019in K\u00f6rfezi\u2019nde s\u0131kl\u0131kla ortaya&#8230;<\/p>\n","protected":false},"author":1,"featured_media":4844,"comment_status":"open","ping_status":"open","sticky":false,"template":"","format":"standard","meta":{"_crdt_document":"","footnotes":""},"categories":[1],"tags":[],"class_list":["post-4843","post","type-post","status-publish","format-standard","has-post-thumbnail","hentry","category-guncel"],"_links":{"self":[{"href":"https:\/\/www.egemtv.com\/index.php?rest_route=\/wp\/v2\/posts\/4843","targetHints":{"allow":["GET"]}}],"collection":[{"href":"https:\/\/www.egemtv.com\/index.php?rest_route=\/wp\/v2\/posts"}],"about":[{"href":"https:\/\/www.egemtv.com\/index.php?rest_route=\/wp\/v2\/types\/post"}],"author":[{"embeddable":true,"href":"https:\/\/www.egemtv.com\/index.php?rest_route=\/wp\/v2\/users\/1"}],"replies":[{"embeddable":true,"href":"https:\/\/www.egemtv.com\/index.php?rest_route=%2Fwp%2Fv2%2Fcomments&post=4843"}],"version-history":[{"count":1,"href":"https:\/\/www.egemtv.com\/index.php?rest_route=\/wp\/v2\/posts\/4843\/revisions"}],"predecessor-version":[{"id":4850,"href":"https:\/\/www.egemtv.com\/index.php?rest_route=\/wp\/v2\/posts\/4843\/revisions\/4850"}],"wp:featuredmedia":[{"embeddable":true,"href":"https:\/\/www.egemtv.com\/index.php?rest_route=\/wp\/v2\/media\/4844"}],"wp:attachment":[{"href":"https:\/\/www.egemtv.com\/index.php?rest_route=%2Fwp%2Fv2%2Fmedia&parent=4843"}],"wp:term":[{"taxonomy":"category","embeddable":true,"href":"https:\/\/www.egemtv.com\/index.php?rest_route=%2Fwp%2Fv2%2Fcategories&post=4843"},{"taxonomy":"post_tag","embeddable":true,"href":"https:\/\/www.egemtv.com\/index.php?rest_route=%2Fwp%2Fv2%2Ftags&post=4843"}],"curies":[{"name":"wp","href":"https:\/\/api.w.org\/{rel}","templated":true}]}}