{"id":48428,"date":"2025-08-12T21:34:40","date_gmt":"2025-08-12T18:34:40","guid":{"rendered":"https:\/\/www.egemtv.com\/?p=48428"},"modified":"2025-08-12T21:34:41","modified_gmt":"2025-08-12T18:34:41","slug":"ayesob-eski-baskanlarindan-aksit-son-yolculuguna-ugurlandi","status":"publish","type":"post","link":"https:\/\/www.egemtv.com\/?p=48428","title":{"rendered":"AYESOB eski ba\u015fkanlar\u0131ndan Ak\u015fit son yolculu\u011funa u\u011furland\u0131"},"content":{"rendered":"<p>Ayd\u0131n\u2019da esnaf te\u015fkilat\u0131n\u0131n duayen isimlerinden, Ayd\u0131n Esnaf ve Sanatkarlar Odalar\u0131 Birli\u011fi\u2019nin (AYESOB) uzun d\u00f6nem ba\u015fkanl\u0131\u011f\u0131n\u0131 yapan ve T\u00fcrkiye Kahveciler Federasyonu\u2019nun eski ba\u015fkanl\u0131\u011f\u0131n\u0131 da y\u00fcr\u00fcten Hulisi Ak\u015fit d\u00fczenlenen t\u00f6renle son yolculu\u011funa u\u011furland\u0131.<\/p>\n<p>Ayd\u0131n\u2019\u0131n Efeler il\u00e7esi Zafer Mahallesi\u2019ndeki evinde \u00f6l\u00fc olarak bulunan 2 \u00e7ocuk babas\u0131 78 ya\u015f\u0131ndaki Hulisi Ak\u015fit\u2019in vefat\u0131 ailesi, yak\u0131nlar\u0131 ve esnaf camias\u0131nda derin \u00fcz\u00fcnt\u00fcye yol a\u00e7t\u0131. Ak\u015fit i\u00e7in ilk t\u00f6ren, Ak\u015fit\u2019in 1996-2013 y\u0131llar\u0131 aras\u0131nda ba\u015fkanl\u0131k yapt\u0131\u011f\u0131 AYESOB hizmet binas\u0131nda ger\u00e7ekle\u015ftirildi. Ak\u015fit\u2019in naa\u015f\u0131 y\u0131llarca hizmet etti\u011fi kuruma son kez getirilirken, AYESOB Ba\u015fkan\u0131 Muhammet Ali K\u00fcnkc\u00fc, Ak\u015fit\u2019in esnaf te\u015fkilat\u0131na yapt\u0131\u011f\u0131 katk\u0131lar\u0131 anlatarak merhum ba\u015fkana vefa g\u00f6sterdi. K\u00fcnkc\u00fc, &#8220;Bug\u00fcn hepimiz kederliyiz, hepimiz \u00fcz\u00fcnt\u00fcl\u00fcy\u00fcz. Kimisi babas\u0131n\u0131, kimisi karde\u015fini, kimisi ba\u015fkan\u0131n\u0131 ama hepimiz biliriz ki Hulusi Ak\u015fit, iyi bir adamd\u0131. AYESOB binas\u0131 onun eseri. Ayd\u0131n\u2019a Kahveciler Federasyonu, TESK y\u00f6netimini kazand\u0131rd\u0131. Rabbim nurlar i\u00e7inde yat\u0131rs\u0131n&#8221; dedi.<\/p>\n<p>AYESOB\u2019taki t\u00f6renin ard\u0131ndan Ak\u015fit\u2019in cenazesi Bey Cami\u2019ne g\u00f6t\u00fcr\u00fcld\u00fc. Cenaze namaz\u0131na \u00e7ok say\u0131da siyasi, oda ba\u015fkanlar\u0131, muhtarlar ve \u00e7ok say\u0131da vatanda\u015f kat\u0131ld\u0131. Ak\u015fit\u2019in cenazesi ikindi namaz\u0131na m\u00fcteakip k\u0131l\u0131nan cenaze namaz\u0131n\u0131n ard\u0131ndan Kemer Mezarl\u0131\u011f\u0131\u2019nda dualar e\u015fli\u011finde topra\u011fa verildi.<br \/><\/p>\n","protected":false},"excerpt":{"rendered":"<p>Ayd\u0131n\u2019da esnaf te\u015fkilat\u0131n\u0131n duayen isimlerinden, Ayd\u0131n Esnaf ve Sanatkarlar Odalar\u0131 Birli\u011fi\u2019nin (AYESOB) uzun d\u00f6nem ba\u015fkanl\u0131\u011f\u0131n\u0131 yapan ve T\u00fcrkiye Kahveciler Federasyonu\u2019nun eski ba\u015fkanl\u0131\u011f\u0131n\u0131 da y\u00fcr\u00fcten Hulisi Ak\u015fit d\u00fczenlenen t\u00f6renle son yolculu\u011funa u\u011furland\u0131. Ayd\u0131n\u2019\u0131n Efeler il\u00e7esi Zafer Mahallesi\u2019ndeki evinde \u00f6l\u00fc olarak bulunan 2 \u00e7ocuk babas\u0131 78 ya\u015f\u0131ndaki Hulisi Ak\u015fit\u2019in vefat\u0131 ailesi, yak\u0131nlar\u0131 ve esnaf camias\u0131nda derin \u00fcz\u00fcnt\u00fcye&#8230;<\/p>\n","protected":false},"author":1,"featured_media":48429,"comment_status":"open","ping_status":"open","sticky":false,"template":"","format":"standard","meta":{"_crdt_document":"","footnotes":""},"categories":[1],"tags":[],"class_list":["post-48428","post","type-post","status-publish","format-standard","has-post-thumbnail","hentry","category-guncel"],"_links":{"self":[{"href":"https:\/\/www.egemtv.com\/index.php?rest_route=\/wp\/v2\/posts\/48428","targetHints":{"allow":["GET"]}}],"collection":[{"href":"https:\/\/www.egemtv.com\/index.php?rest_route=\/wp\/v2\/posts"}],"about":[{"href":"https:\/\/www.egemtv.com\/index.php?rest_route=\/wp\/v2\/types\/post"}],"author":[{"embeddable":true,"href":"https:\/\/www.egemtv.com\/index.php?rest_route=\/wp\/v2\/users\/1"}],"replies":[{"embeddable":true,"href":"https:\/\/www.egemtv.com\/index.php?rest_route=%2Fwp%2Fv2%2Fcomments&post=48428"}],"version-history":[{"count":1,"href":"https:\/\/www.egemtv.com\/index.php?rest_route=\/wp\/v2\/posts\/48428\/revisions"}],"predecessor-version":[{"id":48430,"href":"https:\/\/www.egemtv.com\/index.php?rest_route=\/wp\/v2\/posts\/48428\/revisions\/48430"}],"wp:featuredmedia":[{"embeddable":true,"href":"https:\/\/www.egemtv.com\/index.php?rest_route=\/wp\/v2\/media\/48429"}],"wp:attachment":[{"href":"https:\/\/www.egemtv.com\/index.php?rest_route=%2Fwp%2Fv2%2Fmedia&parent=48428"}],"wp:term":[{"taxonomy":"category","embeddable":true,"href":"https:\/\/www.egemtv.com\/index.php?rest_route=%2Fwp%2Fv2%2Fcategories&post=48428"},{"taxonomy":"post_tag","embeddable":true,"href":"https:\/\/www.egemtv.com\/index.php?rest_route=%2Fwp%2Fv2%2Ftags&post=48428"}],"curies":[{"name":"wp","href":"https:\/\/api.w.org\/{rel}","templated":true}]}}