{"id":48425,"date":"2025-08-12T20:54:28","date_gmt":"2025-08-12T17:54:28","guid":{"rendered":"https:\/\/www.egemtv.com\/?p=48425"},"modified":"2025-08-12T20:54:29","modified_gmt":"2025-08-12T17:54:29","slug":"trafik-yogunlugundan-kusadasi-da-nasibini-aldi","status":"publish","type":"post","link":"https:\/\/www.egemtv.com\/?p=48425","title":{"rendered":"Trafik yo\u011funlu\u011fundan Ku\u015fadas\u0131 da nasibini ald\u0131"},"content":{"rendered":"<p>K\u0131sa s\u00fcre \u00f6ncesine kadar b\u00fcy\u00fck\u015fehirlerin sorunu olan trafik yo\u011funlu\u011fu \u00fclke genelindeki pek \u00e7ok \u015fehrin ortak sorunu haline gelmeye ba\u015flad\u0131. Ayd\u0131n\u2019\u0131n Ku\u015fadas\u0131 il\u00e7esinde \u00f6zellikle ak\u015fam saatlerinde yollarda olu\u015fan uzun ara\u00e7 kuyruklar\u0131 ciddi sorun olmaya ba\u015flad\u0131.<\/p>\n<p>Bu y\u0131l turizm a\u00e7\u0131s\u0131ndan olduk\u00e7a s\u0131k\u0131nt\u0131l\u0131 sezon ya\u015fanan Ku\u015fadas\u0131\u2019nda yabanc\u0131 turist yo\u011funlu\u011funun olduk\u00e7a d\u00fc\u015f\u00fck oldu\u011fu belirtilirken, yerli turistin de beklenenin olduk\u00e7a alt\u0131nda oldu\u011fu \u00f6\u011frenildi. Buna ra\u011fmen il\u00e7ede ya\u015fanan trafik yo\u011funlu\u011fu \u015fehirde ciddi s\u0131k\u0131nt\u0131 olu\u015fturmaya ba\u015flad\u0131.<br \/><\/p>\n","protected":false},"excerpt":{"rendered":"<p>K\u0131sa s\u00fcre \u00f6ncesine kadar b\u00fcy\u00fck\u015fehirlerin sorunu olan trafik yo\u011funlu\u011fu \u00fclke genelindeki pek \u00e7ok \u015fehrin ortak sorunu haline gelmeye ba\u015flad\u0131. Ayd\u0131n\u2019\u0131n Ku\u015fadas\u0131 il\u00e7esinde \u00f6zellikle ak\u015fam saatlerinde yollarda olu\u015fan uzun ara\u00e7 kuyruklar\u0131 ciddi sorun olmaya ba\u015flad\u0131. Bu y\u0131l turizm a\u00e7\u0131s\u0131ndan olduk\u00e7a s\u0131k\u0131nt\u0131l\u0131 sezon ya\u015fanan Ku\u015fadas\u0131\u2019nda yabanc\u0131 turist yo\u011funlu\u011funun olduk\u00e7a d\u00fc\u015f\u00fck oldu\u011fu belirtilirken, yerli turistin de beklenenin olduk\u00e7a&#8230;<\/p>\n","protected":false},"author":1,"featured_media":48426,"comment_status":"open","ping_status":"open","sticky":false,"template":"","format":"standard","meta":{"_crdt_document":"","footnotes":""},"categories":[1],"tags":[],"class_list":["post-48425","post","type-post","status-publish","format-standard","has-post-thumbnail","hentry","category-guncel"],"_links":{"self":[{"href":"https:\/\/www.egemtv.com\/index.php?rest_route=\/wp\/v2\/posts\/48425","targetHints":{"allow":["GET"]}}],"collection":[{"href":"https:\/\/www.egemtv.com\/index.php?rest_route=\/wp\/v2\/posts"}],"about":[{"href":"https:\/\/www.egemtv.com\/index.php?rest_route=\/wp\/v2\/types\/post"}],"author":[{"embeddable":true,"href":"https:\/\/www.egemtv.com\/index.php?rest_route=\/wp\/v2\/users\/1"}],"replies":[{"embeddable":true,"href":"https:\/\/www.egemtv.com\/index.php?rest_route=%2Fwp%2Fv2%2Fcomments&post=48425"}],"version-history":[{"count":1,"href":"https:\/\/www.egemtv.com\/index.php?rest_route=\/wp\/v2\/posts\/48425\/revisions"}],"predecessor-version":[{"id":48427,"href":"https:\/\/www.egemtv.com\/index.php?rest_route=\/wp\/v2\/posts\/48425\/revisions\/48427"}],"wp:featuredmedia":[{"embeddable":true,"href":"https:\/\/www.egemtv.com\/index.php?rest_route=\/wp\/v2\/media\/48426"}],"wp:attachment":[{"href":"https:\/\/www.egemtv.com\/index.php?rest_route=%2Fwp%2Fv2%2Fmedia&parent=48425"}],"wp:term":[{"taxonomy":"category","embeddable":true,"href":"https:\/\/www.egemtv.com\/index.php?rest_route=%2Fwp%2Fv2%2Fcategories&post=48425"},{"taxonomy":"post_tag","embeddable":true,"href":"https:\/\/www.egemtv.com\/index.php?rest_route=%2Fwp%2Fv2%2Ftags&post=48425"}],"curies":[{"name":"wp","href":"https:\/\/api.w.org\/{rel}","templated":true}]}}