{"id":48407,"date":"2025-08-12T18:14:42","date_gmt":"2025-08-12T15:14:42","guid":{"rendered":"https:\/\/www.egemtv.com\/?p=48407"},"modified":"2025-08-12T18:14:42","modified_gmt":"2025-08-12T15:14:42","slug":"usakta-orman-yanginina-havadan-ve-karadan-mudahale-ediliyor","status":"publish","type":"post","link":"https:\/\/www.egemtv.com\/?p=48407","title":{"rendered":"U\u015fak\u2019ta orman yang\u0131n\u0131na havadan ve karadan m\u00fcdahale ediliyor"},"content":{"rendered":"<p>U\u015fak\u2019ta ormanl\u0131k alanda \u00e7\u0131kan yang\u0131na havadan ve karadan m\u00fcdahale ediliyor. Ekipler alevleri kontrol alt\u0131na almak i\u00e7in cansiperane m\u00fccadele veriyor.<br \/>\n<br \/>U\u015fak\u2019\u0131n Banaz il\u00e7esine ba\u011fl\u0131 Yenice ve Pa\u015fac\u0131k K\u00f6yleri aras\u0131nda bulunan ormanl\u0131k alanda hen\u00fcz bilinmeyen bir nedenle yang\u0131n \u00e7\u0131kt\u0131. Duman ve alevleri fark eden \u00e7evredeki vatanda\u015flar bir yandan yang\u0131na m\u00fcdahale ederken, di\u011fer yandan ise ihbarda bulundu. \u0130hbar \u00fczerine b\u00f6lgeye \u00e7ok say\u0131da orman ekibi sevk edildi. Orman yang\u0131n\u0131na havadan hem TSK\u2019ya hem de Orman Genel M\u00fcd\u00fcrl\u00fc\u011f\u00fcne ba\u011fl\u0131 5 yang\u0131n s\u00f6nd\u00fcrme helikopteri ile karadan ise \u00e7ok say\u0131da araz\u00f6z, i\u015f makinesi ve ekiple m\u00fcdahale ediliyor.<br \/><\/p>\n","protected":false},"excerpt":{"rendered":"<p>U\u015fak\u2019ta ormanl\u0131k alanda \u00e7\u0131kan yang\u0131na havadan ve karadan m\u00fcdahale ediliyor. Ekipler alevleri kontrol alt\u0131na almak i\u00e7in cansiperane m\u00fccadele veriyor. U\u015fak\u2019\u0131n Banaz il\u00e7esine ba\u011fl\u0131 Yenice ve Pa\u015fac\u0131k K\u00f6yleri aras\u0131nda bulunan ormanl\u0131k alanda hen\u00fcz bilinmeyen bir nedenle yang\u0131n \u00e7\u0131kt\u0131. Duman ve alevleri fark eden \u00e7evredeki vatanda\u015flar bir yandan yang\u0131na m\u00fcdahale ederken, di\u011fer yandan ise ihbarda bulundu. \u0130hbar&#8230;<\/p>\n","protected":false},"author":1,"featured_media":48408,"comment_status":"open","ping_status":"open","sticky":false,"template":"","format":"standard","meta":{"_crdt_document":"","footnotes":""},"categories":[5],"tags":[],"class_list":["post-48407","post","type-post","status-publish","format-standard","has-post-thumbnail","hentry","category-asayis"],"_links":{"self":[{"href":"https:\/\/www.egemtv.com\/index.php?rest_route=\/wp\/v2\/posts\/48407","targetHints":{"allow":["GET"]}}],"collection":[{"href":"https:\/\/www.egemtv.com\/index.php?rest_route=\/wp\/v2\/posts"}],"about":[{"href":"https:\/\/www.egemtv.com\/index.php?rest_route=\/wp\/v2\/types\/post"}],"author":[{"embeddable":true,"href":"https:\/\/www.egemtv.com\/index.php?rest_route=\/wp\/v2\/users\/1"}],"replies":[{"embeddable":true,"href":"https:\/\/www.egemtv.com\/index.php?rest_route=%2Fwp%2Fv2%2Fcomments&post=48407"}],"version-history":[{"count":1,"href":"https:\/\/www.egemtv.com\/index.php?rest_route=\/wp\/v2\/posts\/48407\/revisions"}],"predecessor-version":[{"id":48409,"href":"https:\/\/www.egemtv.com\/index.php?rest_route=\/wp\/v2\/posts\/48407\/revisions\/48409"}],"wp:featuredmedia":[{"embeddable":true,"href":"https:\/\/www.egemtv.com\/index.php?rest_route=\/wp\/v2\/media\/48408"}],"wp:attachment":[{"href":"https:\/\/www.egemtv.com\/index.php?rest_route=%2Fwp%2Fv2%2Fmedia&parent=48407"}],"wp:term":[{"taxonomy":"category","embeddable":true,"href":"https:\/\/www.egemtv.com\/index.php?rest_route=%2Fwp%2Fv2%2Fcategories&post=48407"},{"taxonomy":"post_tag","embeddable":true,"href":"https:\/\/www.egemtv.com\/index.php?rest_route=%2Fwp%2Fv2%2Ftags&post=48407"}],"curies":[{"name":"wp","href":"https:\/\/api.w.org\/{rel}","templated":true}]}}