{"id":48404,"date":"2025-08-12T17:34:39","date_gmt":"2025-08-12T14:34:39","guid":{"rendered":"https:\/\/www.egemtv.com\/?p=48404"},"modified":"2025-08-12T17:34:40","modified_gmt":"2025-08-12T14:34:40","slug":"bodrumda-365-gun-bodrum-mumkun-mu-zirvesi-yogun-ilgi-gordu","status":"publish","type":"post","link":"https:\/\/www.egemtv.com\/?p=48404","title":{"rendered":"Bodrum\u2019da &#8220;365 g\u00fcn bodrum m\u00fcmk\u00fcn m\u00fc?&#8221; zirvesi yo\u011fun ilgi g\u00f6rd\u00fc"},"content":{"rendered":"<p>\u0130\u015f d\u00fcnyas\u0131n\u0131n dinamiklerini yak\u0131ndan takip eden ve k\u0131sa s\u00fcrede ekonomi yay\u0131nc\u0131l\u0131\u011f\u0131nda \u00f6nemli bir noktaya gelen T\u00fcrkiye\u2019de \u0130\u015f D\u00fcnyas\u0131 Dergisi, Mu\u011fla\u2019n\u0131n Bodrum il\u00e7esinde d\u00fczenledi\u011fi &#8220;365 G\u00fcn Bodrum M\u00fcmk\u00fcn m\u00fc?&#8221; zirvesiyle kentin g\u00fcndemine damga vurdu.<br \/>\n<br \/>\u0130hlas Medya Grubu b\u00fcnyesinde yay\u0131n hayat\u0131n\u0131 s\u00fcrd\u00fcren derginin organize etti\u011fi zirvede, Bodrum\u2019da 12 ay turizm yap\u0131labilir mi, yap\u0131l\u0131rsa sonu\u00e7lar\u0131 ne olur, b\u00f6lgenin bu potansiyele uygunlu\u011fu ve turizm ile i\u015f d\u00fcnyas\u0131n\u0131n beklentileri masaya yat\u0131r\u0131ld\u0131.<br \/>\n<br \/>T\u00fcrkiye\u2019de \u0130\u015f D\u00fcnyas\u0131 Dergisi Genel Yay\u0131n Y\u00f6netmeni Celal Topak\u2019\u0131n moderat\u00f6rl\u00fc\u011f\u00fcn\u00fc yapt\u0131\u011f\u0131 program, Sianji Well Being Resort Bodrum\u2019da ger\u00e7ekle\u015ftirildi. Zirveye, Bodrum Kaymakam\u0131 Ali S\u0131rmal\u0131, Mu\u011fla B\u00fcy\u00fck\u015fehir Belediyesi Genel Sekreter Yard\u0131mc\u0131s\u0131 Ali Za\u011fl\u0131, Bodrum Belediye Ba\u015fkan Yard\u0131mc\u0131s\u0131 Ahmet Y\u0131ld\u0131zhan, Bodrum Deniz Ticaret Odas\u0131 Ba\u015fkan\u0131 Orhan Din\u00e7, Bodrum \u0130l\u00e7e Spor M\u00fcd\u00fcr\u00fc Oktay Dumruk, \u0130hlas Medya Grubu Ba\u015fkan\u0131 Asl\u0131han \u00d6ren, Sianji Well Being Resort sahibi Recai \u00c7ak\u0131r, sivil toplum kurulu\u015fu temsilcileri ve \u00e7ok say\u0131da turizmci kat\u0131ld\u0131.<br \/>\n<br \/>G\u0131da, teknoloji, enerji, tekstil, haz\u0131r giyim, turizm ve gayrimenkul gibi pek \u00e7ok sekt\u00f6rde T\u00fcrkiye\u2019deki son durumu analiz eden dergi, zirvede Bodrum\u2019un sorunlar\u0131n\u0131 da g\u00fcndeme ta\u015f\u0131d\u0131.<br \/>\n<br \/>A\u00e7\u0131l\u0131\u015f konu\u015fmas\u0131nda Celal Topak, &#8220;365 g\u00fcn Bodrum m\u00fcmk\u00fcn m\u00fc?&#8221; sorusunu kat\u0131l\u0131mc\u0131lara y\u00f6nelterek, g\u00f6r\u00fc\u015flerini ald\u0131. Protokol konu\u015fmalar\u0131n\u0131n ard\u0131ndan 12 ay turizm olas\u0131l\u0131\u011f\u0131 \u00fczerine de\u011ferlendirmeler yap\u0131ld\u0131. Program sonunda Asl\u0131han \u00d6ren, Bodrum Kaymakam\u0131 ve di\u011fer davetlilere kat\u0131l\u0131m belgelerini takdim etti.<br \/><\/p>\n","protected":false},"excerpt":{"rendered":"<p>\u0130\u015f d\u00fcnyas\u0131n\u0131n dinamiklerini yak\u0131ndan takip eden ve k\u0131sa s\u00fcrede ekonomi yay\u0131nc\u0131l\u0131\u011f\u0131nda \u00f6nemli bir noktaya gelen T\u00fcrkiye\u2019de \u0130\u015f D\u00fcnyas\u0131 Dergisi, Mu\u011fla\u2019n\u0131n Bodrum il\u00e7esinde d\u00fczenledi\u011fi &#8220;365 G\u00fcn Bodrum M\u00fcmk\u00fcn m\u00fc?&#8221; zirvesiyle kentin g\u00fcndemine damga vurdu. \u0130hlas Medya Grubu b\u00fcnyesinde yay\u0131n hayat\u0131n\u0131 s\u00fcrd\u00fcren derginin organize etti\u011fi zirvede, Bodrum\u2019da 12 ay turizm yap\u0131labilir mi, yap\u0131l\u0131rsa sonu\u00e7lar\u0131 ne olur, b\u00f6lgenin&#8230;<\/p>\n","protected":false},"author":1,"featured_media":48405,"comment_status":"open","ping_status":"open","sticky":false,"template":"","format":"standard","meta":{"_crdt_document":"","footnotes":""},"categories":[1],"tags":[],"class_list":["post-48404","post","type-post","status-publish","format-standard","has-post-thumbnail","hentry","category-guncel"],"_links":{"self":[{"href":"https:\/\/www.egemtv.com\/index.php?rest_route=\/wp\/v2\/posts\/48404","targetHints":{"allow":["GET"]}}],"collection":[{"href":"https:\/\/www.egemtv.com\/index.php?rest_route=\/wp\/v2\/posts"}],"about":[{"href":"https:\/\/www.egemtv.com\/index.php?rest_route=\/wp\/v2\/types\/post"}],"author":[{"embeddable":true,"href":"https:\/\/www.egemtv.com\/index.php?rest_route=\/wp\/v2\/users\/1"}],"replies":[{"embeddable":true,"href":"https:\/\/www.egemtv.com\/index.php?rest_route=%2Fwp%2Fv2%2Fcomments&post=48404"}],"version-history":[{"count":1,"href":"https:\/\/www.egemtv.com\/index.php?rest_route=\/wp\/v2\/posts\/48404\/revisions"}],"predecessor-version":[{"id":48406,"href":"https:\/\/www.egemtv.com\/index.php?rest_route=\/wp\/v2\/posts\/48404\/revisions\/48406"}],"wp:featuredmedia":[{"embeddable":true,"href":"https:\/\/www.egemtv.com\/index.php?rest_route=\/wp\/v2\/media\/48405"}],"wp:attachment":[{"href":"https:\/\/www.egemtv.com\/index.php?rest_route=%2Fwp%2Fv2%2Fmedia&parent=48404"}],"wp:term":[{"taxonomy":"category","embeddable":true,"href":"https:\/\/www.egemtv.com\/index.php?rest_route=%2Fwp%2Fv2%2Fcategories&post=48404"},{"taxonomy":"post_tag","embeddable":true,"href":"https:\/\/www.egemtv.com\/index.php?rest_route=%2Fwp%2Fv2%2Ftags&post=48404"}],"curies":[{"name":"wp","href":"https:\/\/api.w.org\/{rel}","templated":true}]}}