{"id":48401,"date":"2025-08-12T17:34:38","date_gmt":"2025-08-12T14:34:38","guid":{"rendered":"https:\/\/www.egemtv.com\/?p=48401"},"modified":"2025-08-12T17:34:39","modified_gmt":"2025-08-12T14:34:39","slug":"yunusemre-belediyespor-genc-smacor-sude-barini-renklerine-bagladi","status":"publish","type":"post","link":"https:\/\/www.egemtv.com\/?p=48401","title":{"rendered":"Yunusemre Belediyespor gen\u00e7 sma\u00e7\u00f6r Sude Bar\u0131n\u2019\u0131 renklerine ba\u011flad\u0131"},"content":{"rendered":"<p>Kad\u0131nlar Voleybol 2. Ligi\u2019nde transfer \u00e7al\u0131\u015fmalar\u0131n\u0131 s\u00fcrd\u00fcren Yunusemre Belediyespor, 17 ya\u015f\u0131ndaki sma\u00e7\u00f6r Sude Bar\u0131n ile s\u00f6zle\u015fme imzalad\u0131.<br \/>\n<br \/>2025 &#8211; 2026 Sezonu Kad\u0131nlar Voleybol 2. Ligi\u2019nde ilk kez m\u00fccadele edecek olan Yunusemre Belediyespor, yeni sezon \u00f6ncesi kadrosunu \u015fekillendirmeye devam ediyor. Daha \u00f6nce d\u0131\u015f transferde Ece Dirlikli ve Esennur Atay ile imzalayan Yunusemre, son olarak Turgutlu Belediyespor formas\u0131 giyen gen\u00e7 sma\u00e7\u00f6r Sude Bar\u0131n\u2019\u0131 kadrosuna katt\u0131. Sude Bar\u0131n i\u00e7in d\u00fczenlenen imza t\u00f6reninde konu\u015fan Kul\u00fcp Ba\u015fkan\u0131 B\u00fclent Kanik, gen\u00e7 yeteneklerin potansiyeline inand\u0131klar\u0131n\u0131 s\u00f6yledi. Ba\u015fkan Kanik, &#8220;Yeni sezondaki hedeflerimiz do\u011frultusunda \u00fc\u00e7\u00fcnc\u00fc d\u0131\u015f transferimiz olan de\u011ferli oyuncu Sude Bar\u0131n\u2019\u0131 kadromuza katarak \u00f6nemli bir ad\u0131m daha att\u0131k. Sude\u2019nin tak\u0131m\u0131m\u0131za b\u00fcy\u00fck g\u00fc\u00e7 kataca\u011f\u0131na inan\u0131yoruz. Ona g\u00fcvenimiz tam&#8221; dedi. Sude Bar\u0131n ise sahada en iyi \u015fekilde m\u00fccadele edece\u011finin s\u00f6z\u00fcn\u00fc vererek, &#8220;Yeni tak\u0131m\u0131mla birlikte \u00e7al\u0131\u015fma f\u0131rsat\u0131 buldu\u011fum i\u00e7in \u00e7ok heyecanl\u0131y\u0131m. Hem bireysel olarak kendimi geli\u015ftirmek hem de tak\u0131m arkada\u015flar\u0131mla birlikte nice ba\u015far\u0131lara imza atmak i\u00e7in sab\u0131rs\u0131zlan\u0131yorum. Bana g\u00fcvenen ba\u015fkan\u0131m\u0131za, kul\u00fcp y\u00f6netimimize, teknik ekibimize te\u015fekk\u00fcr ederim&#8221; dedi.<br \/><\/p>\n","protected":false},"excerpt":{"rendered":"<p>Kad\u0131nlar Voleybol 2. Ligi\u2019nde transfer \u00e7al\u0131\u015fmalar\u0131n\u0131 s\u00fcrd\u00fcren Yunusemre Belediyespor, 17 ya\u015f\u0131ndaki sma\u00e7\u00f6r Sude Bar\u0131n ile s\u00f6zle\u015fme imzalad\u0131. 2025 &#8211; 2026 Sezonu Kad\u0131nlar Voleybol 2. Ligi\u2019nde ilk kez m\u00fccadele edecek olan Yunusemre Belediyespor, yeni sezon \u00f6ncesi kadrosunu \u015fekillendirmeye devam ediyor. Daha \u00f6nce d\u0131\u015f transferde Ece Dirlikli ve Esennur Atay ile imzalayan Yunusemre, son olarak Turgutlu Belediyespor&#8230;<\/p>\n","protected":false},"author":1,"featured_media":48402,"comment_status":"open","ping_status":"open","sticky":false,"template":"","format":"standard","meta":{"_crdt_document":"","footnotes":""},"categories":[4],"tags":[],"class_list":["post-48401","post","type-post","status-publish","format-standard","has-post-thumbnail","hentry","category-spor"],"_links":{"self":[{"href":"https:\/\/www.egemtv.com\/index.php?rest_route=\/wp\/v2\/posts\/48401","targetHints":{"allow":["GET"]}}],"collection":[{"href":"https:\/\/www.egemtv.com\/index.php?rest_route=\/wp\/v2\/posts"}],"about":[{"href":"https:\/\/www.egemtv.com\/index.php?rest_route=\/wp\/v2\/types\/post"}],"author":[{"embeddable":true,"href":"https:\/\/www.egemtv.com\/index.php?rest_route=\/wp\/v2\/users\/1"}],"replies":[{"embeddable":true,"href":"https:\/\/www.egemtv.com\/index.php?rest_route=%2Fwp%2Fv2%2Fcomments&post=48401"}],"version-history":[{"count":1,"href":"https:\/\/www.egemtv.com\/index.php?rest_route=\/wp\/v2\/posts\/48401\/revisions"}],"predecessor-version":[{"id":48403,"href":"https:\/\/www.egemtv.com\/index.php?rest_route=\/wp\/v2\/posts\/48401\/revisions\/48403"}],"wp:featuredmedia":[{"embeddable":true,"href":"https:\/\/www.egemtv.com\/index.php?rest_route=\/wp\/v2\/media\/48402"}],"wp:attachment":[{"href":"https:\/\/www.egemtv.com\/index.php?rest_route=%2Fwp%2Fv2%2Fmedia&parent=48401"}],"wp:term":[{"taxonomy":"category","embeddable":true,"href":"https:\/\/www.egemtv.com\/index.php?rest_route=%2Fwp%2Fv2%2Fcategories&post=48401"},{"taxonomy":"post_tag","embeddable":true,"href":"https:\/\/www.egemtv.com\/index.php?rest_route=%2Fwp%2Fv2%2Ftags&post=48401"}],"curies":[{"name":"wp","href":"https:\/\/api.w.org\/{rel}","templated":true}]}}