{"id":48398,"date":"2025-08-12T17:34:38","date_gmt":"2025-08-12T14:34:38","guid":{"rendered":"https:\/\/www.egemtv.com\/?p=48398"},"modified":"2025-08-12T17:34:38","modified_gmt":"2025-08-12T14:34:38","slug":"adulu-akademisyenlerden-onemli-basari","status":"publish","type":"post","link":"https:\/\/www.egemtv.com\/?p=48398","title":{"rendered":"AD\u00dc\u2019l\u00fc akademisyenlerden \u00f6nemli ba\u015far\u0131"},"content":{"rendered":"<p>Ayd\u0131n Adnan Menderes \u00dcniversitesi (AD\u00dc) akademisyenleri, Bilimsel ve Teknolojik Ara\u015ft\u0131rma Projelerini Destekleme Program\u0131 kapsam\u0131nda \u00f6nemli bir ba\u015far\u0131ya imza att\u0131.<br \/>\n<br \/>Ayd\u0131n Adnan Menderes \u00dcniversitesi\u2019nin farkl\u0131 fak\u00fcltelerinde y\u00fcr\u00fct\u00fclen \u00f6zg\u00fcn ve yenilik\u00e7i ara\u015ft\u0131rma projeleri, bilimsel niteli\u011fi ve toplumsal fayday\u0131 \u00f6nceleyen i\u00e7erikleriyle Bilimsel ve Teknolojik Ara\u015ft\u0131rma Projelerini Destekleme Program\u0131 kapsam\u0131nda destek almaya hak kazand\u0131. Prof. Dr. Ethem Akt\u00fcrk, Prof. Dr. Hilal Aktam\u0131\u015f, Prof. Dr. Mesut K\u0131rmac\u0131 ve Do\u00e7. Dr. Figen Sevil Kilimci ile proje ekipleri, destekleme program\u0131 kapsam\u0131nda desteklenmeye lay\u0131k g\u00f6r\u00fclen \u00e7al\u0131\u015fmalar\u0131yla \u00f6nemli bir ba\u015far\u0131ya imza atarken, akademisyenlerin \u00f6zverili \u00e7al\u0131\u015fmalar\u0131, disiplinler aras\u0131 i\u015f birli\u011fi ve bilimsel \u00fcretkenlik konusundaki kararl\u0131l\u0131klar\u0131, AD\u00dc\u2019n\u00fcn &#8220;Ara\u015ft\u0131rma \u00dcniversitesi&#8221; olma hedefinin somut \u00f6rneklerinden biri oldu.<br \/>\n<br \/>Akademisyenleri tebrik eden AD\u00dc Rekt\u00f6r\u00fc Prof. Dr. B\u00fclent Kent; &#8220;Bilimsel ve Teknolojik Ara\u015ft\u0131rma Projelerini Destekleme Program\u0131\u2019nda elde edilen bu ba\u015far\u0131, ara\u015ft\u0131rma ve yenilik odakl\u0131 vizyonumuzun g\u00fc\u00e7l\u00fc bir yans\u0131mas\u0131d\u0131r. Projelerin \u00fclkemizin bilimsel birikimine ve teknolojik geli\u015fimine de\u011ferli katk\u0131lar sunaca\u011f\u0131na y\u00fcrekten inan\u0131yorum. \u00dcniversitemizi gururland\u0131ran proje y\u00fcr\u00fct\u00fcc\u00fclerimizi ve ekiplerini g\u00f6n\u00fclden tebrik ediyorum&#8221; dedi.<br \/>\n<br \/>AD\u00dc\u2019n\u00fcn, ulusal ve uluslararas\u0131 d\u00fczeyde akademik g\u00f6r\u00fcn\u00fcrl\u00fc\u011f\u00fcn\u00fc art\u0131rmay\u0131 s\u00fcrd\u00fcrd\u00fc\u011f\u00fcne dikkat \u00e7ekilen a\u00e7\u0131klamada ise &#8220;\u00dcniversitemizin farkl\u0131 fak\u00fcltelerinde y\u00fcr\u00fct\u00fclen \u00f6zg\u00fcn ve yenilik\u00e7i ara\u015ft\u0131rma projeleri, bilimsel niteli\u011fi ve toplumsal fayday\u0131 \u00f6nceleyen i\u00e7erikleriyle destek almaya hak kazand\u0131. Akademisyenlerimiz ve ara\u015ft\u0131rma ekiplerinin \u00f6zverili \u00e7al\u0131\u015fmalar\u0131, disiplinler aras\u0131 i\u015f birli\u011fi ve bilimsel \u00fcretkenlik konusundaki kararl\u0131l\u0131klar\u0131, \u00fcniversitemizin Ara\u015ft\u0131rma \u00dcniversitesi olma hedefi do\u011frultusunda y\u00fcr\u00fctt\u00fc\u011f\u00fc nitelikli bilimsel \u00e7al\u0131\u015fmalar\u0131n en somut g\u00f6stergelerinden biridir. Ayd\u0131n Adnan Menderes \u00dcniversitesi, bilimsel \u00fcretkenli\u011fini ve proje k\u00fclt\u00fcr\u00fcn\u00fc s\u00fcrekli geli\u015ftirerek, hem ulusal hem de uluslararas\u0131 d\u00fczeyde akademik g\u00f6r\u00fcn\u00fcrl\u00fc\u011f\u00fcn\u00fc g\u00fc\u00e7lendirmeye devametmektedir&#8221; ifadeleri yer ald\u0131.<br \/><\/p>\n","protected":false},"excerpt":{"rendered":"<p>Ayd\u0131n Adnan Menderes \u00dcniversitesi (AD\u00dc) akademisyenleri, Bilimsel ve Teknolojik Ara\u015ft\u0131rma Projelerini Destekleme Program\u0131 kapsam\u0131nda \u00f6nemli bir ba\u015far\u0131ya imza att\u0131. Ayd\u0131n Adnan Menderes \u00dcniversitesi\u2019nin farkl\u0131 fak\u00fcltelerinde y\u00fcr\u00fct\u00fclen \u00f6zg\u00fcn ve yenilik\u00e7i ara\u015ft\u0131rma projeleri, bilimsel niteli\u011fi ve toplumsal fayday\u0131 \u00f6nceleyen i\u00e7erikleriyle Bilimsel ve Teknolojik Ara\u015ft\u0131rma Projelerini Destekleme Program\u0131 kapsam\u0131nda destek almaya hak kazand\u0131. Prof. Dr. Ethem Akt\u00fcrk, Prof&#8230;.<\/p>\n","protected":false},"author":1,"featured_media":48399,"comment_status":"open","ping_status":"open","sticky":false,"template":"","format":"standard","meta":{"_crdt_document":"","footnotes":""},"categories":[1],"tags":[],"class_list":["post-48398","post","type-post","status-publish","format-standard","has-post-thumbnail","hentry","category-guncel"],"_links":{"self":[{"href":"https:\/\/www.egemtv.com\/index.php?rest_route=\/wp\/v2\/posts\/48398","targetHints":{"allow":["GET"]}}],"collection":[{"href":"https:\/\/www.egemtv.com\/index.php?rest_route=\/wp\/v2\/posts"}],"about":[{"href":"https:\/\/www.egemtv.com\/index.php?rest_route=\/wp\/v2\/types\/post"}],"author":[{"embeddable":true,"href":"https:\/\/www.egemtv.com\/index.php?rest_route=\/wp\/v2\/users\/1"}],"replies":[{"embeddable":true,"href":"https:\/\/www.egemtv.com\/index.php?rest_route=%2Fwp%2Fv2%2Fcomments&post=48398"}],"version-history":[{"count":1,"href":"https:\/\/www.egemtv.com\/index.php?rest_route=\/wp\/v2\/posts\/48398\/revisions"}],"predecessor-version":[{"id":48400,"href":"https:\/\/www.egemtv.com\/index.php?rest_route=\/wp\/v2\/posts\/48398\/revisions\/48400"}],"wp:featuredmedia":[{"embeddable":true,"href":"https:\/\/www.egemtv.com\/index.php?rest_route=\/wp\/v2\/media\/48399"}],"wp:attachment":[{"href":"https:\/\/www.egemtv.com\/index.php?rest_route=%2Fwp%2Fv2%2Fmedia&parent=48398"}],"wp:term":[{"taxonomy":"category","embeddable":true,"href":"https:\/\/www.egemtv.com\/index.php?rest_route=%2Fwp%2Fv2%2Fcategories&post=48398"},{"taxonomy":"post_tag","embeddable":true,"href":"https:\/\/www.egemtv.com\/index.php?rest_route=%2Fwp%2Fv2%2Ftags&post=48398"}],"curies":[{"name":"wp","href":"https:\/\/api.w.org\/{rel}","templated":true}]}}