{"id":48380,"date":"2025-08-12T16:35:03","date_gmt":"2025-08-12T13:35:03","guid":{"rendered":"https:\/\/www.egemtv.com\/?p=48380"},"modified":"2025-08-12T16:35:04","modified_gmt":"2025-08-12T13:35:04","slug":"mugla-buyuksehir-zabitasina-kamerali-denetim-araci","status":"publish","type":"post","link":"https:\/\/www.egemtv.com\/?p=48380","title":{"rendered":"Mu\u011fla B\u00fcy\u00fck\u015fehir zab\u0131tas\u0131na kameral\u0131 denetim arac\u0131"},"content":{"rendered":"<p>Mu\u011fla B\u00fcy\u00fck\u015fehir Belediyesi, Zab\u0131ta Ekipleri denetimde yeni bir d\u00f6neme ba\u015flad\u0131. \u2018Mobil Ara\u00e7 Kameral\u0131 Denetim Sistemi\u2019ni hayata ge\u00e7iren ekipler, mevcut yaka kameralar\u0131n\u0131n yan\u0131 s\u0131ra zab\u0131ta ara\u00e7lar\u0131na yerle\u015ftirilen 360 derece g\u00f6r\u00fc\u015f a\u00e7\u0131s\u0131na sahip kameralarla denetim s\u00fcre\u00e7lerini art\u0131k anl\u0131k olarak kay\u0131t alt\u0131na al\u0131yor.<br \/>\n<br \/>Yeni sistem sayesinde zab\u0131ta ile vatanda\u015f aras\u0131ndaki ileti\u015fimin daha g\u00fcvenilir ve \u015feffaf bir zeminde ger\u00e7ekle\u015fmesi hedefleniyor. Denetim s\u0131ras\u0131nda ya\u015fanabilecek anla\u015fmazl\u0131klar\u0131n \u00f6n\u00fcne ge\u00e7ilmesi, gelen \u015fik\u00e2yetlerin objektif \u015fekilde de\u011ferlendirilmesi ve hizmet kalitesinin art\u0131r\u0131lmas\u0131 ama\u00e7lan\u0131yor.<br \/>\n<br \/>Mu\u011fla B\u00fcy\u00fck\u015fehir Belediyesi taraf\u0131ndan ger\u00e7ekle\u015ftirilen \u00e7al\u0131\u015fma ile zab\u0131ta ara\u00e7lar\u0131n\u0131n \u00f6n k\u0131sm\u0131na yerle\u015ftirilen kameralar; ses, foto\u011fraf ve geni\u015f a\u00e7\u0131 Full HD video kayd\u0131 yapabiliyor. Elde edilen kay\u0131tlar 90 g\u00fcnden uzun s\u00fcre g\u00fcvenli bir \u015fekilde saklan\u0131yor. Uygulaman\u0131n, hem zab\u0131ta ekiplerinin sahada daha etkin \u00e7al\u0131\u015fmas\u0131na hem de vatanda\u015f memnuniyetinin artmas\u0131na \u00f6nemli katk\u0131 sa\u011flamas\u0131 bekleniyor.<br \/>\n<br \/>Kameral\u0131 Denetim Ara\u00e7lar\u0131 Denetimleri Kolayla\u015ft\u0131r\u0131yor<br \/>\n<br \/>Mobil Kameral\u0131 Denetim Ara\u00e7lar\u0131; ka\u00e7ak hafriyat d\u00f6k\u00fcmlerinin \u00f6nlenmesi ve UKOME kararlar\u0131 ile 7 metre \u00fcst\u00fc ara\u00e7lar\u0131n girmesinin yasakland\u0131\u011f\u0131 alanlarda kontrol sa\u011flanmas\u0131 amac\u0131yla kullan\u0131l\u0131yor. Ayr\u0131ca dilencilik yapan ki\u015filerin tespiti, \u015fehir i\u00e7indeki otob\u00fcs duraklar\u0131 ile yaya kald\u0131r\u0131mlar\u0131n\u0131n i\u015fgallerinin \u00f6nlenmesi, bisiklet yolu ve \u00e7ift s\u0131ra park ihlallerinin belirlenmesi gibi g\u00f6revler de y\u00fcr\u00fct\u00fcl\u00fcyor.<br \/>\n<br \/>Bunun yan\u0131 s\u0131ra, park-bah\u00e7e ve mesire alanlar\u0131nda \u00e7evreyi kirletenlerin tespiti, yere sigara izmariti veya at\u0131k malzeme atanlar\u0131n kayda al\u0131nmas\u0131, otob\u00fcs kalk\u0131\u015f noktalar\u0131nda hanut\u00e7uluk ve rahats\u0131z edici \u015fekilde yolcu \u00e7ekmeye \u00e7al\u0131\u015fan ki\u015filerin belirlenmesi de sistemin aktif olarak kullan\u0131ld\u0131\u011f\u0131 alanlar aras\u0131nda yer al\u0131yor.<br \/>\n<br \/>Karal\u0131, &#8220;Denetimlerimizi teknoloji ile kolayla\u015ft\u0131r\u0131yoruz&#8221;<br \/>\n<br \/>Zab\u0131ta Daire Ba\u015fkanl\u0131\u011f\u0131\u2019nda Zab\u0131ta Memuru Melike Melek Karal\u0131, &#8220;Kameralar\u0131m\u0131z \u00e7a\u011f\u0131n getirdi\u011fi teknolojik geli\u015fmelerden faydalan\u0131larak denetimlerimizi etkin bir \u015fekilde s\u00fcrd\u00fcrmemizi sa\u011fl\u0131yor. Sistem, dilenci olaylar\u0131nda ve ka\u00e7ak hafriyat d\u00f6k\u00fcmleri gibi anl\u0131k olaylarda kay\u0131t alarak i\u015fimizi kolayla\u015ft\u0131r\u0131yor ve daha fazla olaya m\u00fcdahale etmemize yard\u0131mc\u0131 oluyor. Sistemin bizim i\u00e7in en b\u00fcy\u00fck art\u0131s\u0131 herhangi bir iptal ya da itiraz durumunda kaydedilen g\u00f6r\u00fcnt\u00fcleri kan\u0131t olarak kullanabilmemiz.&#8221; a\u00e7\u0131klamalar\u0131nda bulundu.<br \/>\n<br \/>Ba\u015fkan Aras, &#8220;Mu\u011fla\u2019m\u0131z\u0131n huzurunu ve g\u00fcvenli\u011fini sa\u011flamak i\u00e7in \u00e7al\u0131\u015f\u0131yoruz&#8221;<br \/>\n<br \/>K\u0131y\u0131 Ege Belediyeler Birli\u011fi ve Mu\u011fla B\u00fcy\u00fck\u015fehir Belediye Ba\u015fkan\u0131 Ahmet Aras, uygulama ile ilgili yapt\u0131\u011f\u0131 a\u00e7\u0131klamada \u015funlar\u0131 s\u00f6yledi: &#8220;G\u00f6reve geldi\u011fimiz g\u00fcnden bu yana, halk\u0131m\u0131za daha kaliteli, \u015feffaf ve g\u00fcvenilir hizmet sunmak i\u00e7in teknolojiye yat\u0131r\u0131m yap\u0131yoruz. Mobil Ara\u00e7 Kameral\u0131 Denetim Sistemi ile hem zab\u0131ta ekiplerimizin sahadaki etkinli\u011fini art\u0131r\u0131yor hem de vatanda\u015flar\u0131m\u0131zla kurulan ileti\u015fimin kay\u0131t alt\u0131na al\u0131nmas\u0131n\u0131 sa\u011fl\u0131yoruz. Bu sayede hem zab\u0131ta personelimizin hem de vatanda\u015flar\u0131m\u0131z\u0131n haklar\u0131n\u0131 koruyan, objektif ve adil bir denetim ortam\u0131 olu\u015fturuyoruz. Mu\u011fla\u2019m\u0131z\u0131n huzurunu, g\u00fcvenini ve ya\u015fam kalitesini y\u00fckseltmek i\u00e7in \u00e7al\u0131\u015fmalar\u0131m\u0131za kararl\u0131l\u0131kla devam edece\u011fiz&#8221;<br \/><\/p>\n","protected":false},"excerpt":{"rendered":"<p>Mu\u011fla B\u00fcy\u00fck\u015fehir Belediyesi, Zab\u0131ta Ekipleri denetimde yeni bir d\u00f6neme ba\u015flad\u0131. \u2018Mobil Ara\u00e7 Kameral\u0131 Denetim Sistemi\u2019ni hayata ge\u00e7iren ekipler, mevcut yaka kameralar\u0131n\u0131n yan\u0131 s\u0131ra zab\u0131ta ara\u00e7lar\u0131na yerle\u015ftirilen 360 derece g\u00f6r\u00fc\u015f a\u00e7\u0131s\u0131na sahip kameralarla denetim s\u00fcre\u00e7lerini art\u0131k anl\u0131k olarak kay\u0131t alt\u0131na al\u0131yor. Yeni sistem sayesinde zab\u0131ta ile vatanda\u015f aras\u0131ndaki ileti\u015fimin daha g\u00fcvenilir ve \u015feffaf bir zeminde ger\u00e7ekle\u015fmesi&#8230;<\/p>\n","protected":false},"author":1,"featured_media":48381,"comment_status":"open","ping_status":"open","sticky":false,"template":"","format":"standard","meta":{"_crdt_document":"","footnotes":""},"categories":[5],"tags":[],"class_list":["post-48380","post","type-post","status-publish","format-standard","has-post-thumbnail","hentry","category-asayis"],"_links":{"self":[{"href":"https:\/\/www.egemtv.com\/index.php?rest_route=\/wp\/v2\/posts\/48380","targetHints":{"allow":["GET"]}}],"collection":[{"href":"https:\/\/www.egemtv.com\/index.php?rest_route=\/wp\/v2\/posts"}],"about":[{"href":"https:\/\/www.egemtv.com\/index.php?rest_route=\/wp\/v2\/types\/post"}],"author":[{"embeddable":true,"href":"https:\/\/www.egemtv.com\/index.php?rest_route=\/wp\/v2\/users\/1"}],"replies":[{"embeddable":true,"href":"https:\/\/www.egemtv.com\/index.php?rest_route=%2Fwp%2Fv2%2Fcomments&post=48380"}],"version-history":[{"count":1,"href":"https:\/\/www.egemtv.com\/index.php?rest_route=\/wp\/v2\/posts\/48380\/revisions"}],"predecessor-version":[{"id":48382,"href":"https:\/\/www.egemtv.com\/index.php?rest_route=\/wp\/v2\/posts\/48380\/revisions\/48382"}],"wp:featuredmedia":[{"embeddable":true,"href":"https:\/\/www.egemtv.com\/index.php?rest_route=\/wp\/v2\/media\/48381"}],"wp:attachment":[{"href":"https:\/\/www.egemtv.com\/index.php?rest_route=%2Fwp%2Fv2%2Fmedia&parent=48380"}],"wp:term":[{"taxonomy":"category","embeddable":true,"href":"https:\/\/www.egemtv.com\/index.php?rest_route=%2Fwp%2Fv2%2Fcategories&post=48380"},{"taxonomy":"post_tag","embeddable":true,"href":"https:\/\/www.egemtv.com\/index.php?rest_route=%2Fwp%2Fv2%2Ftags&post=48380"}],"curies":[{"name":"wp","href":"https:\/\/api.w.org\/{rel}","templated":true}]}}