{"id":48377,"date":"2025-08-12T16:14:48","date_gmt":"2025-08-12T13:14:48","guid":{"rendered":"https:\/\/www.egemtv.com\/?p=48377"},"modified":"2025-08-12T16:14:49","modified_gmt":"2025-08-12T13:14:49","slug":"incirliova-belediyesinden-ornek-proje-rotamiz-doga-gucumuz-incir","status":"publish","type":"post","link":"https:\/\/www.egemtv.com\/?p=48377","title":{"rendered":"\u0130ncirliova Belediyesi\u2019nden \u00f6rnek proje: &#8220;Rotam\u0131z Do\u011fa, G\u00fcc\u00fcm\u00fcz \u0130ncir&#8221;"},"content":{"rendered":"<p>G\u00fcney Ege Kalk\u0131nma Ajans\u0131 (GEKA) taraf\u0131ndan 2025 y\u0131l\u0131 Teknik Destek Program\u0131 kapsam\u0131nda; desteklenmeye hak kazanan projeler aras\u0131nda ilk s\u0131rada yer alan \u0130ncirliova Belediyesi\u2019nin, &#8220;Rotam\u0131z Do\u011fa, G\u00fcc\u00fcm\u00fcz \u0130ncir&#8221; adl\u0131 projenin hayata ge\u00e7mesi i\u00e7in \u0130ncirliova Belediye Ba\u015fkan\u0131 Aytekin Kaya ve G\u00fcney Ege Kalk\u0131nma Ajans\u0131 (GEKA) Genel Sekreteri \u00dcmit G\u00fclya\u011f\u0131 d\u00fczenlenen protokol\u00fc imzalad\u0131.<br \/>\n<br \/>\u0130ncirliova Belediyesinde d\u00fczenlenen protokol imza t\u00f6renine Belediye Ba\u015fkan Yard\u0131mc\u0131lar\u0131 Metin Korucu, Polat Tanr\u0131kulu ve \u00c7etin Bayatl\u0131\u2019da kat\u0131ld\u0131. \u0130mzalanan protokol ile hayata ge\u00e7irilecek proje kapsam\u0131nda \u0130ncirliova\u2019n\u0131n tarihi, k\u00fclt\u00fcrel ve do\u011fal de\u011ferlerinin bir araya getirilece\u011fi s\u00fcrd\u00fcr\u00fclebilir bir k\u00fclt\u00fcr turizmi rotas\u0131 olu\u015fturulacak. \u0130l\u00e7e s\u0131n\u0131rlar\u0131 i\u00e7inde yer alan K\u00fclt\u00fcr Park, Erbeyli \u015eehitler An\u0131t\u0131, T\u00fcm\u00fcl\u00fcs, \u00c7atma K\u00f6pr\u00fc, Ball\u0131kaya Ma\u011faralar\u0131 gibi \u00f6nemli alanlar projeye dahil edilerek y\u00fcr\u00fcy\u00fc\u015f ve bisiklet rotalar\u0131 tasarlanacak.<br \/>\n<br \/>Bu rotalarda parkur zorluk dereceleri belirlenecek, y\u00f6nlendirme tabelalar\u0131 yerle\u015ftirilecek ve g\u00fczergahlar\u0131n dijital haritalar\u0131 haz\u0131rlanarak d\u00fcnyan\u0131n en \u00e7ok kullan\u0131lan do\u011fa y\u00fcr\u00fcy\u00fc\u015f platformlar\u0131ndan biri olan &#8220;Wikiloc&#8221; uygulamas\u0131na y\u00fcklenecek. Proje, sadece do\u011fa ve k\u00fclt\u00fcr turizmini de\u011fil, ayn\u0131 zamanda yerel \u00fcreticilerin ve gastronomi noktalar\u0131n\u0131n turizm rotas\u0131na dahil edilmesini de kaps\u0131yor. B\u00f6ylelikle il\u00e7eye gelen ziyaret\u00e7ilerin \u0130ncirliova\u2019n\u0131n incir, zeytin ve \u00e7ilek bah\u00e7eleri gibi \u00fcretim alanlar\u0131n\u0131 tan\u0131mas\u0131, yerel \u00fcr\u00fcnleri deneyimlemesi ve b\u00f6lge ekonomisine katk\u0131 sunmas\u0131 sa\u011flanacak. Ayr\u0131ca proje ile il\u00e7enin alternatif turizm potansiyeli g\u00fcn y\u00fcz\u00fcne \u00e7\u0131kar\u0131larak, \u0130ncirliova\u2019n\u0131n ulusal ve uluslararas\u0131 turizm a\u011flar\u0131na entegre olmas\u0131n\u0131n yolu a\u00e7\u0131lacak.<br \/>\n<br \/>&#8220;\u0130l\u00e7emizin az bilinen g\u00fczelliklerini tan\u0131taca\u011f\u0131z&#8221;<br \/>\n<br \/>Proje hakk\u0131nda a\u00e7\u0131klamalarda bulunan \u0130ncirliova Belediye Ba\u015fkan\u0131 Aytekin Kaya, &#8220;GEKA\u2019n\u0131n destekleriyle hayata ge\u00e7irece\u011fimiz \u2018Rotam\u0131z Do\u011fa, G\u00fcc\u00fcm\u00fcz \u0130ncir\u2019 projesi ile \u0130ncirliova\u2019n\u0131n do\u011fal ve k\u00fclt\u00fcrel zenginliklerini g\u00fcn y\u00fcz\u00fcne \u00e7\u0131karmay\u0131 hedefliyoruz. Da\u011fdan ovaya her k\u00f6\u015fesi ayr\u0131 g\u00fczellik ta\u015f\u0131yan il\u00e7emizi, do\u011fa ve k\u00fclt\u00fcrle i\u00e7 i\u00e7e bir turizm rotas\u0131na d\u00f6n\u00fc\u015ft\u00fcrece\u011fiz. \u00c7atma K\u00f6pr\u00fc, T\u00fcm\u00fcl\u00fcs, Ball\u0131kaya Ma\u011faralar\u0131 gibi tarih\u00ee alanlar\u0131m\u0131zda bisikletle ya da y\u00fcr\u00fcyerek gezilebilecek rotalar olu\u015fturulacak. Bu projeyle ayn\u0131 zamanda \u00e7evreci ve s\u00fcrd\u00fcr\u00fclebilir belediyecilik anlay\u0131\u015f\u0131m\u0131za da g\u00fc\u00e7l\u00fc bir katk\u0131 sunmu\u015f olaca\u011f\u0131z. Projenin hayata ge\u00e7mesinde eme\u011fi ge\u00e7en G\u00fcney Ege Kalk\u0131nma Ajans\u0131 (GEKA) Y\u00f6netim Kurulu Ba\u015fkan\u0131m\u0131z Denizli Valimiz \u00d6mer Faruk Co\u015fkun ve Y\u00f6netim Kurulu \u00dcyemiz Ayd\u0131n Valimiz Yakup Canbolat, Mu\u011fla Valimiz \u0130dris Akb\u0131y\u0131k ba\u015fta olmak \u00fczere, t\u00fcm y\u00f6netim kurulumuza, GEKA Genel Sekreterimiz \u00dcmit G\u00fclya\u011f\u0131 ve t\u00fcm payda\u015flar\u0131m\u0131za ayr\u0131 ayr\u0131 te\u015fekk\u00fcr ediyorum&#8221;dedi.<br \/><\/p>\n","protected":false},"excerpt":{"rendered":"<p>G\u00fcney Ege Kalk\u0131nma Ajans\u0131 (GEKA) taraf\u0131ndan 2025 y\u0131l\u0131 Teknik Destek Program\u0131 kapsam\u0131nda; desteklenmeye hak kazanan projeler aras\u0131nda ilk s\u0131rada yer alan \u0130ncirliova Belediyesi\u2019nin, &#8220;Rotam\u0131z Do\u011fa, G\u00fcc\u00fcm\u00fcz \u0130ncir&#8221; adl\u0131 projenin hayata ge\u00e7mesi i\u00e7in \u0130ncirliova Belediye Ba\u015fkan\u0131 Aytekin Kaya ve G\u00fcney Ege Kalk\u0131nma Ajans\u0131 (GEKA) Genel Sekreteri \u00dcmit G\u00fclya\u011f\u0131 d\u00fczenlenen protokol\u00fc imzalad\u0131. \u0130ncirliova Belediyesinde d\u00fczenlenen protokol imza&#8230;<\/p>\n","protected":false},"author":1,"featured_media":48378,"comment_status":"open","ping_status":"open","sticky":false,"template":"","format":"standard","meta":{"_crdt_document":"","footnotes":""},"categories":[1],"tags":[],"class_list":["post-48377","post","type-post","status-publish","format-standard","has-post-thumbnail","hentry","category-guncel"],"_links":{"self":[{"href":"https:\/\/www.egemtv.com\/index.php?rest_route=\/wp\/v2\/posts\/48377","targetHints":{"allow":["GET"]}}],"collection":[{"href":"https:\/\/www.egemtv.com\/index.php?rest_route=\/wp\/v2\/posts"}],"about":[{"href":"https:\/\/www.egemtv.com\/index.php?rest_route=\/wp\/v2\/types\/post"}],"author":[{"embeddable":true,"href":"https:\/\/www.egemtv.com\/index.php?rest_route=\/wp\/v2\/users\/1"}],"replies":[{"embeddable":true,"href":"https:\/\/www.egemtv.com\/index.php?rest_route=%2Fwp%2Fv2%2Fcomments&post=48377"}],"version-history":[{"count":1,"href":"https:\/\/www.egemtv.com\/index.php?rest_route=\/wp\/v2\/posts\/48377\/revisions"}],"predecessor-version":[{"id":48379,"href":"https:\/\/www.egemtv.com\/index.php?rest_route=\/wp\/v2\/posts\/48377\/revisions\/48379"}],"wp:featuredmedia":[{"embeddable":true,"href":"https:\/\/www.egemtv.com\/index.php?rest_route=\/wp\/v2\/media\/48378"}],"wp:attachment":[{"href":"https:\/\/www.egemtv.com\/index.php?rest_route=%2Fwp%2Fv2%2Fmedia&parent=48377"}],"wp:term":[{"taxonomy":"category","embeddable":true,"href":"https:\/\/www.egemtv.com\/index.php?rest_route=%2Fwp%2Fv2%2Fcategories&post=48377"},{"taxonomy":"post_tag","embeddable":true,"href":"https:\/\/www.egemtv.com\/index.php?rest_route=%2Fwp%2Fv2%2Ftags&post=48377"}],"curies":[{"name":"wp","href":"https:\/\/api.w.org\/{rel}","templated":true}]}}