{"id":48374,"date":"2025-08-12T16:14:47","date_gmt":"2025-08-12T13:14:47","guid":{"rendered":"https:\/\/www.egemtv.com\/?p=48374"},"modified":"2025-08-12T16:14:48","modified_gmt":"2025-08-12T13:14:48","slug":"gordeste-toprak-kaymasi-yolu-kapatti","status":"publish","type":"post","link":"https:\/\/www.egemtv.com\/?p=48374","title":{"rendered":"G\u00f6rdes\u2019te toprak kaymas\u0131 yolu kapatt\u0131"},"content":{"rendered":"<p>Manisa\u2019n\u0131n G\u00f6rdes il\u00e7esi ile Demirci\u2019yi ba\u011flayan yolda gece s\u0131ralar\u0131nda ya\u015fanan toprak kaymas\u0131 nedeniyle ula\u015f\u0131m iki y\u00f6nl\u00fc trafi\u011fe kapat\u0131l\u0131rken yolun temizlenmesiyle k\u0131sa s\u00fcrede trafik ak\u0131\u015f\u0131 yeniden sa\u011fland\u0131.<br \/>\n<br \/>Manisa\u2019n\u0131n G\u00f6rdes \u0130l\u00e7esi Demirci yol g\u00fczergah\u0131nda d\u00fcn gece saat 20.56 s\u0131ralar\u0131nda G\u00f6rdes-Demirci yolu \u00fczerinde toprak kaymas\u0131 meydana geldi. Yoldan ge\u00e7enlerin ihbar\u0131 ile il\u00e7e jandarma ekipleri ve ilgili ekipler taraf\u0131ndan i\u015fbirli\u011fi ile yolu \u00e7ift tarafl\u0131 olarak trafi\u011fe kapat\u0131ld\u0131. B\u00f6lgeye sevk edilen ekipler taraf\u0131ndan toprak par\u00e7alar\u0131 yoldan temizlenerek trafik yeniden a\u00e7\u0131ld\u0131. Herhangi bir yaralanman\u0131n ya\u015fanmad\u0131\u011f\u0131 olayla ilgili ekipler s\u00fcr\u00fcc\u00fcleri dikkatli olmalar\u0131 konusunda uyard\u0131.<br \/><\/p>\n","protected":false},"excerpt":{"rendered":"<p>Manisa\u2019n\u0131n G\u00f6rdes il\u00e7esi ile Demirci\u2019yi ba\u011flayan yolda gece s\u0131ralar\u0131nda ya\u015fanan toprak kaymas\u0131 nedeniyle ula\u015f\u0131m iki y\u00f6nl\u00fc trafi\u011fe kapat\u0131l\u0131rken yolun temizlenmesiyle k\u0131sa s\u00fcrede trafik ak\u0131\u015f\u0131 yeniden sa\u011fland\u0131. Manisa\u2019n\u0131n G\u00f6rdes \u0130l\u00e7esi Demirci yol g\u00fczergah\u0131nda d\u00fcn gece saat 20.56 s\u0131ralar\u0131nda G\u00f6rdes-Demirci yolu \u00fczerinde toprak kaymas\u0131 meydana geldi. Yoldan ge\u00e7enlerin ihbar\u0131 ile il\u00e7e jandarma ekipleri ve ilgili ekipler taraf\u0131ndan&#8230;<\/p>\n","protected":false},"author":1,"featured_media":48375,"comment_status":"open","ping_status":"open","sticky":false,"template":"","format":"standard","meta":{"_crdt_document":"","footnotes":""},"categories":[5],"tags":[],"class_list":["post-48374","post","type-post","status-publish","format-standard","has-post-thumbnail","hentry","category-asayis"],"_links":{"self":[{"href":"https:\/\/www.egemtv.com\/index.php?rest_route=\/wp\/v2\/posts\/48374","targetHints":{"allow":["GET"]}}],"collection":[{"href":"https:\/\/www.egemtv.com\/index.php?rest_route=\/wp\/v2\/posts"}],"about":[{"href":"https:\/\/www.egemtv.com\/index.php?rest_route=\/wp\/v2\/types\/post"}],"author":[{"embeddable":true,"href":"https:\/\/www.egemtv.com\/index.php?rest_route=\/wp\/v2\/users\/1"}],"replies":[{"embeddable":true,"href":"https:\/\/www.egemtv.com\/index.php?rest_route=%2Fwp%2Fv2%2Fcomments&post=48374"}],"version-history":[{"count":1,"href":"https:\/\/www.egemtv.com\/index.php?rest_route=\/wp\/v2\/posts\/48374\/revisions"}],"predecessor-version":[{"id":48376,"href":"https:\/\/www.egemtv.com\/index.php?rest_route=\/wp\/v2\/posts\/48374\/revisions\/48376"}],"wp:featuredmedia":[{"embeddable":true,"href":"https:\/\/www.egemtv.com\/index.php?rest_route=\/wp\/v2\/media\/48375"}],"wp:attachment":[{"href":"https:\/\/www.egemtv.com\/index.php?rest_route=%2Fwp%2Fv2%2Fmedia&parent=48374"}],"wp:term":[{"taxonomy":"category","embeddable":true,"href":"https:\/\/www.egemtv.com\/index.php?rest_route=%2Fwp%2Fv2%2Fcategories&post=48374"},{"taxonomy":"post_tag","embeddable":true,"href":"https:\/\/www.egemtv.com\/index.php?rest_route=%2Fwp%2Fv2%2Ftags&post=48374"}],"curies":[{"name":"wp","href":"https:\/\/api.w.org\/{rel}","templated":true}]}}