{"id":48371,"date":"2025-08-12T15:54:58","date_gmt":"2025-08-12T12:54:58","guid":{"rendered":"https:\/\/www.egemtv.com\/?p=48371"},"modified":"2025-08-12T15:54:59","modified_gmt":"2025-08-12T12:54:59","slug":"sokede-pastanelerden-numuneler-alindi","status":"publish","type":"post","link":"https:\/\/www.egemtv.com\/?p=48371","title":{"rendered":"S\u00f6ke\u2019de pastanelerden numuneler al\u0131nd\u0131"},"content":{"rendered":"<p>Ayd\u0131n\u2019\u0131n S\u00f6ke il\u00e7esinde halk sa\u011fl\u0131\u011f\u0131n\u0131n korunmas\u0131 hedefiyle riske dayal\u0131 g\u0131da i\u015fletmelerinde denetim ger\u00e7ekle\u015ftirilirken, pastanelerden de numuneler al\u0131nd\u0131.<br \/>\n<br \/>Ayd\u0131n \u0130l Tar\u0131m ve Orman M\u00fcd\u00fcrl\u00fc\u011f\u00fc koordinesinde il genelinde g\u0131da sat\u0131\u015f ve toplu t\u00fcketim yerleri ile \u00fcretim yerlerine yap\u0131lan denetimler aral\u0131ks\u0131z devam ediyor. Bu \u00e7er\u00e7evede sahaya inen S\u00f6ke \u0130l\u00e7e Tar\u0131m ve Orman M\u00fcd\u00fcrl\u00fc\u011f\u00fc ekipleri riske dayal\u0131 g\u0131da \u00fcretimi ve sat\u0131\u015f\u0131 yap\u0131lan i\u015fletmelerde ger\u00e7ekle\u015ftirdikleri denetimlerini aral\u0131ks\u0131z s\u00fcrd\u00fcr\u00fcyor. Bu kapsamda da ekipler, pastanelere y\u00f6nelik denetim ger\u00e7ekle\u015ftirdi. Denetimlerde yap\u0131lan hijyen kontrollerinin yan\u0131 s\u0131ra pastanelerden de numuneler al\u0131narak gerekli kontrolleri yap\u0131ld\u0131. Mevzuata uygun davranmayan i\u015fletmelere idari yapt\u0131r\u0131mlar da uygulan\u0131rken, konu ile ilgili S\u00f6ke \u0130l\u00e7e Tar\u0131m ve Orman M\u00fcd\u00fcrl\u00fc\u011f\u00fc\u2019nden yap\u0131lan a\u00e7\u0131klamada &#8220;Ayd\u0131n \u0130l Tar\u0131m M\u00fcd\u00fcrl\u00fc\u011f\u00fc, G\u0131da ve Yem \u015fube  M\u00fcd\u00fcrl\u00fc\u011f\u00fc ekipleriyle birlikte bakanl\u0131\u011f\u0131m\u0131z y\u0131ll\u0131k rutin program\u0131 \u00e7er\u00e7evesinde pastane den g\u0131da numuneleri al\u0131nd\u0131&#8221; ifadeleri yer ald\u0131.<br \/><\/p>\n","protected":false},"excerpt":{"rendered":"<p>Ayd\u0131n\u2019\u0131n S\u00f6ke il\u00e7esinde halk sa\u011fl\u0131\u011f\u0131n\u0131n korunmas\u0131 hedefiyle riske dayal\u0131 g\u0131da i\u015fletmelerinde denetim ger\u00e7ekle\u015ftirilirken, pastanelerden de numuneler al\u0131nd\u0131. Ayd\u0131n \u0130l Tar\u0131m ve Orman M\u00fcd\u00fcrl\u00fc\u011f\u00fc koordinesinde il genelinde g\u0131da sat\u0131\u015f ve toplu t\u00fcketim yerleri ile \u00fcretim yerlerine yap\u0131lan denetimler aral\u0131ks\u0131z devam ediyor. Bu \u00e7er\u00e7evede sahaya inen S\u00f6ke \u0130l\u00e7e Tar\u0131m ve Orman M\u00fcd\u00fcrl\u00fc\u011f\u00fc ekipleri riske dayal\u0131 g\u0131da \u00fcretimi&#8230;<\/p>\n","protected":false},"author":1,"featured_media":48372,"comment_status":"open","ping_status":"open","sticky":false,"template":"","format":"standard","meta":{"_crdt_document":"","footnotes":""},"categories":[2],"tags":[],"class_list":["post-48371","post","type-post","status-publish","format-standard","has-post-thumbnail","hentry","category-saglik"],"_links":{"self":[{"href":"https:\/\/www.egemtv.com\/index.php?rest_route=\/wp\/v2\/posts\/48371","targetHints":{"allow":["GET"]}}],"collection":[{"href":"https:\/\/www.egemtv.com\/index.php?rest_route=\/wp\/v2\/posts"}],"about":[{"href":"https:\/\/www.egemtv.com\/index.php?rest_route=\/wp\/v2\/types\/post"}],"author":[{"embeddable":true,"href":"https:\/\/www.egemtv.com\/index.php?rest_route=\/wp\/v2\/users\/1"}],"replies":[{"embeddable":true,"href":"https:\/\/www.egemtv.com\/index.php?rest_route=%2Fwp%2Fv2%2Fcomments&post=48371"}],"version-history":[{"count":1,"href":"https:\/\/www.egemtv.com\/index.php?rest_route=\/wp\/v2\/posts\/48371\/revisions"}],"predecessor-version":[{"id":48373,"href":"https:\/\/www.egemtv.com\/index.php?rest_route=\/wp\/v2\/posts\/48371\/revisions\/48373"}],"wp:featuredmedia":[{"embeddable":true,"href":"https:\/\/www.egemtv.com\/index.php?rest_route=\/wp\/v2\/media\/48372"}],"wp:attachment":[{"href":"https:\/\/www.egemtv.com\/index.php?rest_route=%2Fwp%2Fv2%2Fmedia&parent=48371"}],"wp:term":[{"taxonomy":"category","embeddable":true,"href":"https:\/\/www.egemtv.com\/index.php?rest_route=%2Fwp%2Fv2%2Fcategories&post=48371"},{"taxonomy":"post_tag","embeddable":true,"href":"https:\/\/www.egemtv.com\/index.php?rest_route=%2Fwp%2Fv2%2Ftags&post=48371"}],"curies":[{"name":"wp","href":"https:\/\/api.w.org\/{rel}","templated":true}]}}