{"id":48368,"date":"2025-08-12T15:35:10","date_gmt":"2025-08-12T12:35:10","guid":{"rendered":"https:\/\/www.egemtv.com\/?p=48368"},"modified":"2025-08-12T15:35:11","modified_gmt":"2025-08-12T12:35:11","slug":"mentesede-kavurucu-sicak-etkili-oluyor","status":"publish","type":"post","link":"https:\/\/www.egemtv.com\/?p=48368","title":{"rendered":"Mente\u015fe\u2019de kavurucu s\u0131cak etkili oluyor"},"content":{"rendered":"<p>T\u00fcrkiye genelinde hava s\u0131cakl\u0131klar\u0131 mevsim normallerinin \u00fczerinde seyrederken, Mente\u015fe\u2019de termometreler 36 dereceyi g\u00f6sterdi.<\/p>\n<p>Meteoroloji Genel M\u00fcd\u00fcrl\u00fc\u011f\u00fc\u2019n\u00fcn s\u0131cak hava uyar\u0131lar\u0131n\u0131n ard\u0131ndan Mente\u015fe\u2019de \u00f6\u011fle saatlerinde adeta kavurucu bir hava hakim oldu. \u0130l\u00e7ede ya\u015fayan vatanda\u015flar, g\u00fcne\u015ften korunmak i\u00e7in g\u00f6lgelik alanlara y\u00f6neldi. Yalab\u0131k Park\u0131 ve Orhan \u00c7ak\u0131r Park\u0131\u2019nda yo\u011funluk ya\u015fan\u0131rken, a\u011fa\u00e7 g\u00f6lgeleri serinlemek isteyenlerin en \u00e7ok tercih etti\u011fi yerler oldu. S\u0131cak havadan bunalan baz\u0131 vatanda\u015flar, \u015fapkalar\u0131yla g\u00fcne\u015f \u0131\u015f\u0131nlar\u0131ndan korunmaya \u00e7al\u0131\u015ft\u0131. Bir vatanda\u015f bankta oturdu\u011fu s\u0131rada s\u0131caktan ayakkab\u0131s\u0131n\u0131 \u00e7\u0131kararak dinlenirken, bir di\u011feri \u00e7imenlerin \u00fczerine oturup g\u00f6lgede serinlemeyi tercih etti.<br \/><\/p>\n","protected":false},"excerpt":{"rendered":"<p>T\u00fcrkiye genelinde hava s\u0131cakl\u0131klar\u0131 mevsim normallerinin \u00fczerinde seyrederken, Mente\u015fe\u2019de termometreler 36 dereceyi g\u00f6sterdi. Meteoroloji Genel M\u00fcd\u00fcrl\u00fc\u011f\u00fc\u2019n\u00fcn s\u0131cak hava uyar\u0131lar\u0131n\u0131n ard\u0131ndan Mente\u015fe\u2019de \u00f6\u011fle saatlerinde adeta kavurucu bir hava hakim oldu. \u0130l\u00e7ede ya\u015fayan vatanda\u015flar, g\u00fcne\u015ften korunmak i\u00e7in g\u00f6lgelik alanlara y\u00f6neldi. Yalab\u0131k Park\u0131 ve Orhan \u00c7ak\u0131r Park\u0131\u2019nda yo\u011funluk ya\u015fan\u0131rken, a\u011fa\u00e7 g\u00f6lgeleri serinlemek isteyenlerin en \u00e7ok tercih etti\u011fi yerler&#8230;<\/p>\n","protected":false},"author":1,"featured_media":48369,"comment_status":"open","ping_status":"open","sticky":false,"template":"","format":"standard","meta":{"_crdt_document":"","footnotes":""},"categories":[1],"tags":[],"class_list":["post-48368","post","type-post","status-publish","format-standard","has-post-thumbnail","hentry","category-guncel"],"_links":{"self":[{"href":"https:\/\/www.egemtv.com\/index.php?rest_route=\/wp\/v2\/posts\/48368","targetHints":{"allow":["GET"]}}],"collection":[{"href":"https:\/\/www.egemtv.com\/index.php?rest_route=\/wp\/v2\/posts"}],"about":[{"href":"https:\/\/www.egemtv.com\/index.php?rest_route=\/wp\/v2\/types\/post"}],"author":[{"embeddable":true,"href":"https:\/\/www.egemtv.com\/index.php?rest_route=\/wp\/v2\/users\/1"}],"replies":[{"embeddable":true,"href":"https:\/\/www.egemtv.com\/index.php?rest_route=%2Fwp%2Fv2%2Fcomments&post=48368"}],"version-history":[{"count":1,"href":"https:\/\/www.egemtv.com\/index.php?rest_route=\/wp\/v2\/posts\/48368\/revisions"}],"predecessor-version":[{"id":48370,"href":"https:\/\/www.egemtv.com\/index.php?rest_route=\/wp\/v2\/posts\/48368\/revisions\/48370"}],"wp:featuredmedia":[{"embeddable":true,"href":"https:\/\/www.egemtv.com\/index.php?rest_route=\/wp\/v2\/media\/48369"}],"wp:attachment":[{"href":"https:\/\/www.egemtv.com\/index.php?rest_route=%2Fwp%2Fv2%2Fmedia&parent=48368"}],"wp:term":[{"taxonomy":"category","embeddable":true,"href":"https:\/\/www.egemtv.com\/index.php?rest_route=%2Fwp%2Fv2%2Fcategories&post=48368"},{"taxonomy":"post_tag","embeddable":true,"href":"https:\/\/www.egemtv.com\/index.php?rest_route=%2Fwp%2Fv2%2Ftags&post=48368"}],"curies":[{"name":"wp","href":"https:\/\/api.w.org\/{rel}","templated":true}]}}