{"id":48299,"date":"2025-08-12T12:34:59","date_gmt":"2025-08-12T09:34:59","guid":{"rendered":"https:\/\/www.egemtv.com\/?p=48299"},"modified":"2025-08-12T12:34:59","modified_gmt":"2025-08-12T09:34:59","slug":"baybatur-sarigol-ve-alasehirde-ureticilerle-bulustu-okul-acilisi-yapti","status":"publish","type":"post","link":"https:\/\/www.egemtv.com\/?p=48299","title":{"rendered":"Baybatur, Sar\u0131g\u00f6l ve Ala\u015fehir\u2019de \u00fcreticilerle bulu\u015ftu, okul a\u00e7\u0131l\u0131\u015f\u0131 yapt\u0131"},"content":{"rendered":"<p>AK Parti Manisa Milletvekili Murat Baybatur, Ala\u015fehir ve Sar\u0131g\u00f6l il\u00e7elerinde esnaf ve \u00fcretici ziyaretleri ger\u00e7ekle\u015ftirdi, okul a\u00e7\u0131l\u0131\u015f\u0131 yapt\u0131.<br \/>\n<br \/>AK Parti\u2019li Baybatur, Ala\u015fehir ve Sar\u0131g\u00f6l\u2019\u00fc ziyaret etti. Ziyaret kapsam\u0131nda Baybatur ilk olarak, TAR\u0130\u015e \u00fcz\u00fcm i\u015fletmesini gezerek, i\u015f\u00e7ilerle \u00f6\u011fle yeme\u011fi yiyip sohbet etti. \u00c7ift\u00e7ilerle yakla\u015fan \u00fcz\u00fcm kesim sezonu \u00f6ncesinde \u00fcretim, pazarlama ve tar\u0131msal destekler konusunda g\u00f6r\u00fc\u015f al\u0131\u015fveri\u015finde bulunan Baybatur, hay\u0131rl\u0131 bir sezon olmas\u0131n\u0131 diledi. \u0130l\u00e7e merkezinde esnaf ziyaretleri de yapan Baybatur, ticaretin canlanmas\u0131 ve yerel kalk\u0131nma i\u00e7in at\u0131lmas\u0131 gereken ad\u0131mlara ili\u015fkin de\u011ferlendirmelerde bulundu.<br \/>\n<br \/>Buradaki program\u0131n\u0131n ard\u0131ndan, Sar\u0131g\u00f6l K\u0131z\u0131l\u00e7ukur Mahallesi\u2019ne ge\u00e7en Baybatur, yap\u0131m\u0131 tamamlanan \u015eehit Ahmet \u015e\u0131lak Ortaokulu\u2019nun a\u00e7\u0131l\u0131\u015f t\u00f6renine kat\u0131ld\u0131. Okulda 4 s\u0131n\u0131fl\u0131k, k\u00fct\u00fcphane ve \u00f6\u011frenciler i\u00e7in \u00e7e\u015fitli b\u00f6l\u00fcmler bulunurken, modern s\u0131n\u0131f donan\u0131m\u0131 ve teknolojik altyap\u0131s\u0131yla b\u00f6lgedeki e\u011fitim standartlar\u0131n\u0131 y\u00fckseltmesi hedefleniyor.<br \/>\n<br \/>AK Parti Manisa Milletvekili Murat Baybatur, a\u00e7\u0131l\u0131\u015f t\u00f6reninde yapt\u0131\u011f\u0131 konu\u015fmada, &#8220;E\u011fitim yat\u0131r\u0131mlar\u0131m\u0131z, AK Parti\u2019nin en \u00f6ncelikli alanlar\u0131ndan biridir. K\u0131z\u0131l\u00e7ukur Mahallemize kazand\u0131rd\u0131\u011f\u0131m\u0131z \u015eehit Ahmet \u015e\u0131lak Ortaokulumuz, evlatlar\u0131m\u0131z\u0131n daha iyi \u015fartlarda e\u011fitim g\u00f6rmesi i\u00e7in at\u0131lm\u0131\u015f g\u00fc\u00e7l\u00fc bir ad\u0131md\u0131r.  \u0130n\u015fallah buradan yeti\u015fen evlatlar\u0131m\u0131z \u00fclkesi ve milleti i\u00e7in ba\u015far\u0131l\u0131 i\u015flere imza atacak&#8221; dedi.<br \/>\n<br \/>AK Parti\u2019nin her zaman sahada ve milletinin yan\u0131ndan oldu\u011fu belirten Baybatur, &#8220;Bug\u00fcn Ala\u015fehir\u2019de \u00fcreticimizle, esnaf\u0131m\u0131zla; Sar\u0131g\u00f6l\u2019de \u00f6\u011frencilerimiz ve hem\u015fehrilerimizle bir araya geldik. Biz her zaman sahaday\u0131z. Milletimiz de hizmet siyasetine g\u00fcveniyor, sevgisini ve deste\u011fini her f\u0131rsatta g\u00f6steriyor. Bu destek, daha \u00e7ok \u00e7al\u0131\u015fmam\u0131z i\u00e7in bize g\u00fc\u00e7 veriyor&#8221; ifadelerinikulland\u0131.<br \/><\/p>\n","protected":false},"excerpt":{"rendered":"<p>AK Parti Manisa Milletvekili Murat Baybatur, Ala\u015fehir ve Sar\u0131g\u00f6l il\u00e7elerinde esnaf ve \u00fcretici ziyaretleri ger\u00e7ekle\u015ftirdi, okul a\u00e7\u0131l\u0131\u015f\u0131 yapt\u0131. AK Parti\u2019li Baybatur, Ala\u015fehir ve Sar\u0131g\u00f6l\u2019\u00fc ziyaret etti. Ziyaret kapsam\u0131nda Baybatur ilk olarak, TAR\u0130\u015e \u00fcz\u00fcm i\u015fletmesini gezerek, i\u015f\u00e7ilerle \u00f6\u011fle yeme\u011fi yiyip sohbet etti. \u00c7ift\u00e7ilerle yakla\u015fan \u00fcz\u00fcm kesim sezonu \u00f6ncesinde \u00fcretim, pazarlama ve tar\u0131msal destekler konusunda g\u00f6r\u00fc\u015f al\u0131\u015fveri\u015finde&#8230;<\/p>\n","protected":false},"author":1,"featured_media":48300,"comment_status":"open","ping_status":"open","sticky":false,"template":"","format":"standard","meta":{"_crdt_document":"","footnotes":""},"categories":[127],"tags":[],"class_list":["post-48299","post","type-post","status-publish","format-standard","has-post-thumbnail","hentry","category-siyaset"],"_links":{"self":[{"href":"https:\/\/www.egemtv.com\/index.php?rest_route=\/wp\/v2\/posts\/48299","targetHints":{"allow":["GET"]}}],"collection":[{"href":"https:\/\/www.egemtv.com\/index.php?rest_route=\/wp\/v2\/posts"}],"about":[{"href":"https:\/\/www.egemtv.com\/index.php?rest_route=\/wp\/v2\/types\/post"}],"author":[{"embeddable":true,"href":"https:\/\/www.egemtv.com\/index.php?rest_route=\/wp\/v2\/users\/1"}],"replies":[{"embeddable":true,"href":"https:\/\/www.egemtv.com\/index.php?rest_route=%2Fwp%2Fv2%2Fcomments&post=48299"}],"version-history":[{"count":1,"href":"https:\/\/www.egemtv.com\/index.php?rest_route=\/wp\/v2\/posts\/48299\/revisions"}],"predecessor-version":[{"id":48301,"href":"https:\/\/www.egemtv.com\/index.php?rest_route=\/wp\/v2\/posts\/48299\/revisions\/48301"}],"wp:featuredmedia":[{"embeddable":true,"href":"https:\/\/www.egemtv.com\/index.php?rest_route=\/wp\/v2\/media\/48300"}],"wp:attachment":[{"href":"https:\/\/www.egemtv.com\/index.php?rest_route=%2Fwp%2Fv2%2Fmedia&parent=48299"}],"wp:term":[{"taxonomy":"category","embeddable":true,"href":"https:\/\/www.egemtv.com\/index.php?rest_route=%2Fwp%2Fv2%2Fcategories&post=48299"},{"taxonomy":"post_tag","embeddable":true,"href":"https:\/\/www.egemtv.com\/index.php?rest_route=%2Fwp%2Fv2%2Ftags&post=48299"}],"curies":[{"name":"wp","href":"https:\/\/api.w.org\/{rel}","templated":true}]}}