{"id":48296,"date":"2025-08-12T11:54:54","date_gmt":"2025-08-12T08:54:54","guid":{"rendered":"https:\/\/www.egemtv.com\/?p=48296"},"modified":"2025-08-12T11:54:55","modified_gmt":"2025-08-12T08:54:55","slug":"tedavi-edilen-caretta-carettalarin-mavi-yolculugu-ilk-kez-yerli-uydu-ile-izlenecek","status":"publish","type":"post","link":"https:\/\/www.egemtv.com\/?p=48296","title":{"rendered":"Tedavi edilen caretta carettalar\u0131n mavi yolculu\u011fu ilk kez yerli uydu ile izlenecek"},"content":{"rendered":"<p>Pamukkale \u00dcniversitesi (PA\u00dc) tedavileri tamamlanan yedi deniz kaplumba\u011fas\u0131 mavi sulara u\u011furland\u0131. Denize sal\u0131nan carettea caretta kaplumba\u011falar\u0131n mavi yolculu\u011fu,  T\u00fcrkiye\u2019de ilk kez yerli uydu takip cihaz\u0131yla izlenecek.<\/p>\n<p>PA\u00dc, Deniz Kaplumba\u011falar\u0131 Ara\u015ft\u0131rma, Kurtarma ve Rehabilitasyon Merkezi (DEKAMER)\u2019de tedavileri tamamlanan yedi deniz kaplumba\u011fas\u0131 \u0130ztuzu Kumsal\u0131\u2019ndan denize u\u011furland\u0131. T\u00fcrkiye\u2019de ilk kez yerli uydu takip cihaz\u0131yla izlenecek kaplumba\u011falar\u0131n her birinin do\u011fal ya\u015famdaki farkl\u0131 hikayeleri uydular ile g\u00f6zlemlenecek.<br \/>\n<br \/>\u0130ztuzu Kumsal\u0131\u2019nda ger\u00e7ekle\u015fen t\u00f6rene 7 caretta carettan\u0131n denize sal\u0131nma t\u00f6renine, Mu\u011fla Valisi Dr. \u0130dris Akb\u0131y\u0131k, PA\u00dc Rekt\u00f6r\u00fc Prof. Dr. Mahmud G\u00fcng\u00f6r, Mu\u011fla S\u0131tk\u0131 Ko\u00e7man \u00dcniversitesi Rekt\u00f6r\u00fc Prof. Dr. Turhan Ka\u00e7ar, Dokuz Eyl\u00fcl \u00dcniversitesi Rekt\u00f6r Vekili Prof. Dr. Hamdi \u015e\u00fck\u00fcr K\u0131l\u0131\u00e7, Ortaca Kaymakam\u0131 Kenan Akta\u015f, Belediye Ba\u015fkan\u0131 Evren Tezcan, protokol \u00fcyeleri, sivil toplum kurulu\u015flar\u0131 temsilcileri, uluslararas\u0131 konuklar ve \u00e7ok say\u0131da davetli kat\u0131ld\u0131.<\/p>\n<p>Yerli teknoloji ile g\u00f6\u00e7 yollar\u0131 izlenecek<br \/>\n<br \/>Yerli firma taraf\u0131ndan geli\u015ftirilen uydu takip cihazlar\u0131 sayesinde deniz kaplumba\u011falar\u0131n\u0131n g\u00f6\u00e7 rotalar\u0131, ya\u015fam alanlar\u0131 ve farkl\u0131 habitatlardaki davran\u0131\u015flar\u0131 uzun s\u00fcreli olarak izlenecek. B\u00f6ylece t\u00fcr\u00fcn korunmas\u0131 ve ekosistem y\u00f6netimi i\u00e7in \u00f6nemli bilimsel veriler elde edilecek.<\/p>\n<p>&#8220;Do\u011fan\u0131n korunmas\u0131 ve Mavi Vatan\u2019\u0131n de\u011ferlerinin ya\u015fat\u0131lmas\u0131 i\u00e7in \u00e7al\u0131\u015fmalar\u0131m\u0131z\u0131 s\u00fcrd\u00fcrece\u011fiz.&#8221;<br \/>\n<br \/>T\u00f6rende konu\u015fan Rekt\u00f6r Prof. Dr. Mahmud G\u00fcng\u00f6r, &#8220;Tu\u011fba isimli kaplumba\u011fam\u0131z, 6 y\u0131l \u00f6nce burada tedavi edilip denize b\u0131rak\u0131lm\u0131\u015f, Adriyatik\u2019e kadar yolculuk yapm\u0131\u015ft\u0131. Bu y\u0131l yeniden tedavi i\u00e7in merkezimize geldi. \u00dczerine yeniden cihaz yerle\u015ftirildi ve bug\u00fcn tekrar denize u\u011furlad\u0131k. Bu y\u0131l 23 kaplumba\u011fa tedavi edildi; 4\u2019\u00fc daha \u00f6nce, 7\u2019si bug\u00fcn denize b\u0131rak\u0131ld\u0131. Y\u0131l sonuna kadar 13-14 kaplumba\u011fan\u0131n daha do\u011fal ortam\u0131na d\u00f6nmesini hedefliyoruz. Merkezin 17 y\u0131ll\u0131k tecr\u00fcbesini daha etkin kullanaca\u011f\u0131z. Bug\u00fcn \u00e7ocuklar\u0131m\u0131z\u0131n minik kaplumba\u011falar\u0131 heyecanla denize g\u00f6ndermesi, etkinli\u011fe ayr\u0131 bir co\u015fku katt\u0131&#8221; \u015feklinde konu\u015ftu.<\/p>\n<p>Yedi Kaplumba\u011fa, Yedi Hik\u00e2ye<br \/>\n<br \/>Tedavi edilen kaplumba\u011falar\u0131n isimlerini ve ya\u015fad\u0131\u011f\u0131 sa\u011fl\u0131k sorunlar\u0131n\u0131 payla\u015fan Rekt\u00f6r G\u00fcng\u00f6r, &#8220;Ya\u011fmur Ege: 36-41 ya\u015flar\u0131nda. Solunum sistemi enfeksiyonu ve dal\u0131\u015f problemi nedeniyle 2 ay \u00f6nce merkeze getirildi. Tedavi s\u00fcrecinde \u00f6zel solunum terapileri ve dal\u0131\u015f egzersizleri uyguland\u0131, kaybetti\u011fi hayati fonksiyonlar\u0131 geri kazand\u0131.<br \/>\n<br \/>Tuba-2025: 45-50 ya\u015flar\u0131nda. 2019\u2019da tedavi edilip uydu cihaz\u0131yla denize b\u0131rak\u0131ld\u0131, Akdeniz\u2019de en uzun s\u00fcre izlenen kaplumba\u011fa oldu. Bu y\u0131l tekrar yuva yapmak i\u00e7in geldi, kabuk deformasyonu ve parazit enfeksiyonu tedavi edildi.<br \/>\n<br \/>Atlas: 45-50 ya\u015flar\u0131nda. Sol arka y\u00fczgeci ampute halde bulundu. Hasarl\u0131 dokusu tedavi edildi, y\u00fczme kabiliyetini g\u00fc\u00e7lendiren programlar uyguland\u0131.<br \/>\n<br \/>Cosmos: 21-26 ya\u015flar\u0131nda. \u0130nsanlar taraf\u0131ndan yanl\u0131\u015f g\u0131dalarla beslenmesi sonucu dal\u0131\u015f refleksleri zay\u0131flad\u0131. Bir y\u0131l s\u00fcren do\u011fal beslenme protokol\u00fcyle sa\u011fl\u0131kl\u0131 davran\u0131\u015f kal\u0131plar\u0131na geri d\u00f6nd\u00fcr\u00fcld\u00fc.<br \/>\n<br \/>Nilg\u00fcn: 22-27 ya\u015flar\u0131nda. Plastik at\u0131k t\u00fcketimi nedeniyle sindirim sistemi enfeksiyonu ge\u00e7irdi. 10 ay s\u00fcren tedavinin ard\u0131ndan sa\u011fl\u0131\u011f\u0131na kavu\u015ftu.<br \/>\n<br \/>Bal\u0131m: 24-29 ya\u015flar\u0131nda. Sa\u011f \u00f6n kolu ampute halde getirildi. Beslenme problemi ve k\u0131s\u0131tl\u0131 dal\u0131\u015f refleksi fizyoterapi ve \u00f6zel diyetle d\u00fczeltildi.<br \/>\n<br \/>Elsa (Chelonia mydas): 7-8 ya\u015flar\u0131nda gen\u00e7 ye\u015fil deniz kaplumba\u011fas\u0131. Yo\u011fun parazit enfeksiyonu tedavi edilerek ba\u011f\u0131\u015f\u0131kl\u0131k sistemi g\u00fc\u00e7lendirildi.<br \/>\n<br \/>Sa\u011fl\u0131k sorunlar\u0131 tedavi edilen 7 caretta carreta do\u011fal ya\u015famlar\u0131na g\u00f6nderiyoruz&#8221; dedi.<br \/>\n<br \/>17 y\u0131lda 370 kaplumba\u011fa denizle bulu\u015ftu<br \/>\n<br \/>DEKAMER M\u00fcd\u00fcr\u00fc Prof. Dr. Yakup Kaska, bug\u00fcne kadar merkeze getirilen 630 deniz kaplumba\u011fas\u0131ndan 370\u2019inin sa\u011fl\u0131\u011f\u0131na kavu\u015fturularak do\u011fal ya\u015fam alanlar\u0131na b\u0131rak\u0131ld\u0131\u011f\u0131n\u0131 belirtti. Yuva koruma \u00e7al\u0131\u015fmalar\u0131n\u0131n 1988\u2019den bu yana kesintisiz s\u00fcrd\u00fc\u011f\u00fcn\u00fc, yerli teknoloji ve uluslararas\u0131 i\u015f birlikleriyle t\u00fcr\u00fcn hem karada hem denizde korunmas\u0131n\u0131n hedeflendi\u011fini vurgulad\u0131.<br \/>\n<br \/>\u0130ztuzu\u2019ndan mavi sulara u\u011furlanan bu yedi deniz kaplumba\u011fas\u0131, hem deniz ekosisteminin korunmas\u0131 hem de gelecek nesiller i\u00e7in bilimsel verilerin \u00fcretilmesi ad\u0131na y\u00fcr\u00fct\u00fclen \u00e7al\u0131\u015fmalar\u0131n en g\u00fcncel \u00f6rne\u011fini olu\u015fturdu.<br \/><\/p>\n","protected":false},"excerpt":{"rendered":"<p>Pamukkale \u00dcniversitesi (PA\u00dc) tedavileri tamamlanan yedi deniz kaplumba\u011fas\u0131 mavi sulara u\u011furland\u0131. Denize sal\u0131nan carettea caretta kaplumba\u011falar\u0131n mavi yolculu\u011fu, T\u00fcrkiye\u2019de ilk kez yerli uydu takip cihaz\u0131yla izlenecek. PA\u00dc, Deniz Kaplumba\u011falar\u0131 Ara\u015ft\u0131rma, Kurtarma ve Rehabilitasyon Merkezi (DEKAMER)\u2019de tedavileri tamamlanan yedi deniz kaplumba\u011fas\u0131 \u0130ztuzu Kumsal\u0131\u2019ndan denize u\u011furland\u0131. T\u00fcrkiye\u2019de ilk kez yerli uydu takip cihaz\u0131yla izlenecek kaplumba\u011falar\u0131n her birinin&#8230;<\/p>\n","protected":false},"author":1,"featured_media":48297,"comment_status":"open","ping_status":"open","sticky":false,"template":"","format":"standard","meta":{"_crdt_document":"","footnotes":""},"categories":[1],"tags":[],"class_list":["post-48296","post","type-post","status-publish","format-standard","has-post-thumbnail","hentry","category-guncel"],"_links":{"self":[{"href":"https:\/\/www.egemtv.com\/index.php?rest_route=\/wp\/v2\/posts\/48296","targetHints":{"allow":["GET"]}}],"collection":[{"href":"https:\/\/www.egemtv.com\/index.php?rest_route=\/wp\/v2\/posts"}],"about":[{"href":"https:\/\/www.egemtv.com\/index.php?rest_route=\/wp\/v2\/types\/post"}],"author":[{"embeddable":true,"href":"https:\/\/www.egemtv.com\/index.php?rest_route=\/wp\/v2\/users\/1"}],"replies":[{"embeddable":true,"href":"https:\/\/www.egemtv.com\/index.php?rest_route=%2Fwp%2Fv2%2Fcomments&post=48296"}],"version-history":[{"count":1,"href":"https:\/\/www.egemtv.com\/index.php?rest_route=\/wp\/v2\/posts\/48296\/revisions"}],"predecessor-version":[{"id":48298,"href":"https:\/\/www.egemtv.com\/index.php?rest_route=\/wp\/v2\/posts\/48296\/revisions\/48298"}],"wp:featuredmedia":[{"embeddable":true,"href":"https:\/\/www.egemtv.com\/index.php?rest_route=\/wp\/v2\/media\/48297"}],"wp:attachment":[{"href":"https:\/\/www.egemtv.com\/index.php?rest_route=%2Fwp%2Fv2%2Fmedia&parent=48296"}],"wp:term":[{"taxonomy":"category","embeddable":true,"href":"https:\/\/www.egemtv.com\/index.php?rest_route=%2Fwp%2Fv2%2Fcategories&post=48296"},{"taxonomy":"post_tag","embeddable":true,"href":"https:\/\/www.egemtv.com\/index.php?rest_route=%2Fwp%2Fv2%2Ftags&post=48296"}],"curies":[{"name":"wp","href":"https:\/\/api.w.org\/{rel}","templated":true}]}}