{"id":48293,"date":"2025-08-12T11:34:44","date_gmt":"2025-08-12T08:34:44","guid":{"rendered":"https:\/\/www.egemtv.com\/?p=48293"},"modified":"2025-08-12T11:34:45","modified_gmt":"2025-08-12T08:34:45","slug":"bayrakli-sahilinde-erkek-cesedi-bulundu","status":"publish","type":"post","link":"https:\/\/www.egemtv.com\/?p=48293","title":{"rendered":"Bayrakl\u0131 Sahili\u2019nde erkek cesedi bulundu"},"content":{"rendered":"<p>\u0130zmir\u2019in Bayrakl\u0131 il\u00e7esinde, denizde hareketsiz halde bulunan erkek cesedi, deniz polisi ekiplerince karaya \u00e7\u0131kar\u0131ld\u0131. Kimli\u011fi hen\u00fcz belirlenemeyen \u015fahs\u0131n \u00f6l\u00fcm nedeni yap\u0131lacak otopsi ile netlik kazanacak.<br \/>\n<br \/>Olay, sabah saatlerinde Bayrakl\u0131 Sahili\u2019nde meydana geldi. K\u0131y\u0131ya yakla\u015f\u0131k 1 metre mesafede hareketsiz \u015fekilde yatan bir ki\u015fiyi g\u00f6ren vatanda\u015flar, durumu polis ve sa\u011fl\u0131k ekiplerine bildirdi. \u0130hbar \u00fczerine olay yerine sevk edilen deniz polisi, k\u0131sa s\u00fcrede \u015fahs\u0131 karaya \u00e7\u0131kard\u0131. Sa\u011fl\u0131k ekiplerinin yapt\u0131\u011f\u0131 kontrolde, 25 ya\u015flar\u0131nda oldu\u011fu de\u011ferlendirilen erke\u011fin hayat\u0131n\u0131 kaybetti\u011fi belirlendi. Bayrakl\u0131 \u0130l\u00e7e Emniyet M\u00fcd\u00fcrl\u00fc\u011f\u00fc ekipleri b\u00f6lgede g\u00fcvenlik \u00f6nlemi al\u0131rken, olay yeri inceleme ekipleri de sahilde detayl\u0131 \u00e7al\u0131\u015fma yapt\u0131. Savc\u0131 taraf\u0131ndan olay yerindeki incelemesinin ard\u0131ndan ceset, \u0130zmir Adli T\u0131p Kurumu morguna kald\u0131r\u0131ld\u0131. \u015eahs\u0131n kimlik tespitine y\u00f6nelik \u00e7al\u0131\u015fmalar\u0131n s\u00fcrd\u00fc\u011f\u00fc ve kesin \u00f6l\u00fcm nedeninin yap\u0131lacak otopsi sonucu belli olaca\u011f\u0131 \u00f6\u011frenildi.<br \/>\n<br \/>Olayla ilgili soru\u015fturma ba\u015flat\u0131ld\u0131.<br \/><\/p>\n","protected":false},"excerpt":{"rendered":"<p>\u0130zmir\u2019in Bayrakl\u0131 il\u00e7esinde, denizde hareketsiz halde bulunan erkek cesedi, deniz polisi ekiplerince karaya \u00e7\u0131kar\u0131ld\u0131. Kimli\u011fi hen\u00fcz belirlenemeyen \u015fahs\u0131n \u00f6l\u00fcm nedeni yap\u0131lacak otopsi ile netlik kazanacak. Olay, sabah saatlerinde Bayrakl\u0131 Sahili\u2019nde meydana geldi. K\u0131y\u0131ya yakla\u015f\u0131k 1 metre mesafede hareketsiz \u015fekilde yatan bir ki\u015fiyi g\u00f6ren vatanda\u015flar, durumu polis ve sa\u011fl\u0131k ekiplerine bildirdi. \u0130hbar \u00fczerine olay yerine sevk&#8230;<\/p>\n","protected":false},"author":1,"featured_media":48294,"comment_status":"open","ping_status":"open","sticky":false,"template":"","format":"standard","meta":{"_crdt_document":"","footnotes":""},"categories":[5],"tags":[],"class_list":["post-48293","post","type-post","status-publish","format-standard","has-post-thumbnail","hentry","category-asayis"],"_links":{"self":[{"href":"https:\/\/www.egemtv.com\/index.php?rest_route=\/wp\/v2\/posts\/48293","targetHints":{"allow":["GET"]}}],"collection":[{"href":"https:\/\/www.egemtv.com\/index.php?rest_route=\/wp\/v2\/posts"}],"about":[{"href":"https:\/\/www.egemtv.com\/index.php?rest_route=\/wp\/v2\/types\/post"}],"author":[{"embeddable":true,"href":"https:\/\/www.egemtv.com\/index.php?rest_route=\/wp\/v2\/users\/1"}],"replies":[{"embeddable":true,"href":"https:\/\/www.egemtv.com\/index.php?rest_route=%2Fwp%2Fv2%2Fcomments&post=48293"}],"version-history":[{"count":1,"href":"https:\/\/www.egemtv.com\/index.php?rest_route=\/wp\/v2\/posts\/48293\/revisions"}],"predecessor-version":[{"id":48295,"href":"https:\/\/www.egemtv.com\/index.php?rest_route=\/wp\/v2\/posts\/48293\/revisions\/48295"}],"wp:featuredmedia":[{"embeddable":true,"href":"https:\/\/www.egemtv.com\/index.php?rest_route=\/wp\/v2\/media\/48294"}],"wp:attachment":[{"href":"https:\/\/www.egemtv.com\/index.php?rest_route=%2Fwp%2Fv2%2Fmedia&parent=48293"}],"wp:term":[{"taxonomy":"category","embeddable":true,"href":"https:\/\/www.egemtv.com\/index.php?rest_route=%2Fwp%2Fv2%2Fcategories&post=48293"},{"taxonomy":"post_tag","embeddable":true,"href":"https:\/\/www.egemtv.com\/index.php?rest_route=%2Fwp%2Fv2%2Ftags&post=48293"}],"curies":[{"name":"wp","href":"https:\/\/api.w.org\/{rel}","templated":true}]}}