{"id":48290,"date":"2025-08-12T11:14:46","date_gmt":"2025-08-12T08:14:46","guid":{"rendered":"https:\/\/www.egemtv.com\/?p=48290"},"modified":"2025-08-12T11:14:47","modified_gmt":"2025-08-12T08:14:47","slug":"aydinda-analig-tenis-heyecani-basladi","status":"publish","type":"post","link":"https:\/\/www.egemtv.com\/?p=48290","title":{"rendered":"Ayd\u0131n\u2019da Analig Tenis heyecan\u0131 ba\u015flad\u0131"},"content":{"rendered":"<p>Analig Tenis 2. Etap Yar\u0131\u015fmalar\u0131 Ayd\u0131n\u2019\u0131n ev sahipli\u011finde ba\u015flarken, 200 sporcunun kat\u0131ld\u0131\u011f\u0131 tenis heyecan\u0131 15 A\u011fustos\u2019a kadar devam edecek.<br \/>\n<br \/>Ayd\u0131n, Marmara ve Ege b\u00f6lgelerinden 20 farkl\u0131 ilden gelen 200 sporcunun kat\u0131ld\u0131\u011f\u0131 Analig Tenis 2. Etap Yar\u0131\u015fmalar\u0131na ev sahipli\u011fi yap\u0131yor. Bug\u00fcn ba\u015flayan organizasyon, 15 A\u011fustos\u2019a kadar tenis severlere heyecan dolu g\u00fcnler ya\u015fatacak. A\u00e7\u0131l\u0131\u015f t\u00f6reninde konu\u015fan Ayd\u0131n Gen\u00e7lik ve Spor \u0130l M\u00fcd\u00fcr\u00fc Serhat Y\u0131\u011fmatepe, sporun birle\u015ftirici g\u00fcc\u00fcne dikkat \u00e7ekerek, &#8220;Bu t\u00fcr organizasyonlar hem gen\u00e7lerimizin geli\u015fimi hem de iller aras\u0131 dostluk ve karde\u015flik ba\u011flar\u0131n\u0131n g\u00fc\u00e7lenmesi a\u00e7\u0131s\u0131ndan b\u00fcy\u00fck \u00f6nem ta\u015f\u0131yor. T\u00fcm sporcular\u0131m\u0131za ba\u015far\u0131lar diliyorum&#8221; dedi.<br \/><\/p>\n","protected":false},"excerpt":{"rendered":"<p>Analig Tenis 2. Etap Yar\u0131\u015fmalar\u0131 Ayd\u0131n\u2019\u0131n ev sahipli\u011finde ba\u015flarken, 200 sporcunun kat\u0131ld\u0131\u011f\u0131 tenis heyecan\u0131 15 A\u011fustos\u2019a kadar devam edecek. Ayd\u0131n, Marmara ve Ege b\u00f6lgelerinden 20 farkl\u0131 ilden gelen 200 sporcunun kat\u0131ld\u0131\u011f\u0131 Analig Tenis 2. Etap Yar\u0131\u015fmalar\u0131na ev sahipli\u011fi yap\u0131yor. Bug\u00fcn ba\u015flayan organizasyon, 15 A\u011fustos\u2019a kadar tenis severlere heyecan dolu g\u00fcnler ya\u015fatacak. A\u00e7\u0131l\u0131\u015f t\u00f6reninde konu\u015fan Ayd\u0131n&#8230;<\/p>\n","protected":false},"author":1,"featured_media":48291,"comment_status":"open","ping_status":"open","sticky":false,"template":"","format":"standard","meta":{"_crdt_document":"","footnotes":""},"categories":[4],"tags":[],"class_list":["post-48290","post","type-post","status-publish","format-standard","has-post-thumbnail","hentry","category-spor"],"_links":{"self":[{"href":"https:\/\/www.egemtv.com\/index.php?rest_route=\/wp\/v2\/posts\/48290","targetHints":{"allow":["GET"]}}],"collection":[{"href":"https:\/\/www.egemtv.com\/index.php?rest_route=\/wp\/v2\/posts"}],"about":[{"href":"https:\/\/www.egemtv.com\/index.php?rest_route=\/wp\/v2\/types\/post"}],"author":[{"embeddable":true,"href":"https:\/\/www.egemtv.com\/index.php?rest_route=\/wp\/v2\/users\/1"}],"replies":[{"embeddable":true,"href":"https:\/\/www.egemtv.com\/index.php?rest_route=%2Fwp%2Fv2%2Fcomments&post=48290"}],"version-history":[{"count":1,"href":"https:\/\/www.egemtv.com\/index.php?rest_route=\/wp\/v2\/posts\/48290\/revisions"}],"predecessor-version":[{"id":48292,"href":"https:\/\/www.egemtv.com\/index.php?rest_route=\/wp\/v2\/posts\/48290\/revisions\/48292"}],"wp:featuredmedia":[{"embeddable":true,"href":"https:\/\/www.egemtv.com\/index.php?rest_route=\/wp\/v2\/media\/48291"}],"wp:attachment":[{"href":"https:\/\/www.egemtv.com\/index.php?rest_route=%2Fwp%2Fv2%2Fmedia&parent=48290"}],"wp:term":[{"taxonomy":"category","embeddable":true,"href":"https:\/\/www.egemtv.com\/index.php?rest_route=%2Fwp%2Fv2%2Fcategories&post=48290"},{"taxonomy":"post_tag","embeddable":true,"href":"https:\/\/www.egemtv.com\/index.php?rest_route=%2Fwp%2Fv2%2Ftags&post=48290"}],"curies":[{"name":"wp","href":"https:\/\/api.w.org\/{rel}","templated":true}]}}