{"id":48287,"date":"2025-08-12T10:34:45","date_gmt":"2025-08-12T07:34:45","guid":{"rendered":"https:\/\/www.egemtv.com\/?p=48287"},"modified":"2025-08-12T10:34:46","modified_gmt":"2025-08-12T07:34:46","slug":"hisarcikta-agacta-mahsur-kalan-kedi-itfaiye-ekipleri-tarafindan-kurtarildi","status":"publish","type":"post","link":"https:\/\/www.egemtv.com\/?p=48287","title":{"rendered":"Hisarc\u0131k\u2019ta a\u011fa\u00e7ta mahsur kalan kedi itfaiye ekipleri taraf\u0131ndan kurtar\u0131ld\u0131"},"content":{"rendered":"<p>K\u00fctahya\u2019n\u0131n Hisarc\u0131k il\u00e7esinde parktaki s\u00f6\u011f\u00fct a\u011fac\u0131nda mahsur kalan kedi, itfaiye ekiplerinin yard\u0131m\u0131 ile kurtar\u0131ld\u0131.<br \/>\n<br \/>Kar\u015f\u0131yaka Mahallesindeki belediye park\u0131nda gece ailesiyle birlikte oturan \u0130mam Muhammed Ali Aksoy\u2019un yanlar\u0131nda bulunan kedileri bir anda yak\u0131nlar\u0131ndaki s\u00f6\u011f\u00fct a\u011fac\u0131na t\u0131rmand\u0131. T\u00fcm u\u011fra\u015flar\u0131na ra\u011fmen kedisini a\u011fa\u00e7tan indiremeyen Aksoy, Hisarc\u0131k itfaiyesinden yard\u0131m istedi. \u0130hbar \u00fczerine harekete ge\u00e7en itfaiye ekipleri, metrelerce y\u00fcksekte mahsur kalan kediyi itfaiye merdiveniyle titiz bir \u00e7al\u0131\u015fma sonucu kurtard\u0131. A\u011fa\u00e7tan indirilen kedi sahibine teslim edildi.<br \/>\n<br \/>\u0130mam Muhammed Ali Aksoy itfaiye ekiplerine \u00f6zverili \u00e7al\u0131\u015fmalar\u0131 i\u00e7in te\u015fekk\u00fcr etti.<br \/><\/p>\n","protected":false},"excerpt":{"rendered":"<p>K\u00fctahya\u2019n\u0131n Hisarc\u0131k il\u00e7esinde parktaki s\u00f6\u011f\u00fct a\u011fac\u0131nda mahsur kalan kedi, itfaiye ekiplerinin yard\u0131m\u0131 ile kurtar\u0131ld\u0131. Kar\u015f\u0131yaka Mahallesindeki belediye park\u0131nda gece ailesiyle birlikte oturan \u0130mam Muhammed Ali Aksoy\u2019un yanlar\u0131nda bulunan kedileri bir anda yak\u0131nlar\u0131ndaki s\u00f6\u011f\u00fct a\u011fac\u0131na t\u0131rmand\u0131. T\u00fcm u\u011fra\u015flar\u0131na ra\u011fmen kedisini a\u011fa\u00e7tan indiremeyen Aksoy, Hisarc\u0131k itfaiyesinden yard\u0131m istedi. \u0130hbar \u00fczerine harekete ge\u00e7en itfaiye ekipleri, metrelerce y\u00fcksekte mahsur&#8230;<\/p>\n","protected":false},"author":1,"featured_media":48288,"comment_status":"open","ping_status":"open","sticky":false,"template":"","format":"standard","meta":{"_crdt_document":"","footnotes":""},"categories":[1],"tags":[],"class_list":["post-48287","post","type-post","status-publish","format-standard","has-post-thumbnail","hentry","category-guncel"],"_links":{"self":[{"href":"https:\/\/www.egemtv.com\/index.php?rest_route=\/wp\/v2\/posts\/48287","targetHints":{"allow":["GET"]}}],"collection":[{"href":"https:\/\/www.egemtv.com\/index.php?rest_route=\/wp\/v2\/posts"}],"about":[{"href":"https:\/\/www.egemtv.com\/index.php?rest_route=\/wp\/v2\/types\/post"}],"author":[{"embeddable":true,"href":"https:\/\/www.egemtv.com\/index.php?rest_route=\/wp\/v2\/users\/1"}],"replies":[{"embeddable":true,"href":"https:\/\/www.egemtv.com\/index.php?rest_route=%2Fwp%2Fv2%2Fcomments&post=48287"}],"version-history":[{"count":1,"href":"https:\/\/www.egemtv.com\/index.php?rest_route=\/wp\/v2\/posts\/48287\/revisions"}],"predecessor-version":[{"id":48289,"href":"https:\/\/www.egemtv.com\/index.php?rest_route=\/wp\/v2\/posts\/48287\/revisions\/48289"}],"wp:featuredmedia":[{"embeddable":true,"href":"https:\/\/www.egemtv.com\/index.php?rest_route=\/wp\/v2\/media\/48288"}],"wp:attachment":[{"href":"https:\/\/www.egemtv.com\/index.php?rest_route=%2Fwp%2Fv2%2Fmedia&parent=48287"}],"wp:term":[{"taxonomy":"category","embeddable":true,"href":"https:\/\/www.egemtv.com\/index.php?rest_route=%2Fwp%2Fv2%2Fcategories&post=48287"},{"taxonomy":"post_tag","embeddable":true,"href":"https:\/\/www.egemtv.com\/index.php?rest_route=%2Fwp%2Fv2%2Ftags&post=48287"}],"curies":[{"name":"wp","href":"https:\/\/api.w.org\/{rel}","templated":true}]}}