{"id":48284,"date":"2025-08-12T10:34:44","date_gmt":"2025-08-12T07:34:44","guid":{"rendered":"https:\/\/www.egemtv.com\/?p=48284"},"modified":"2025-08-12T10:34:45","modified_gmt":"2025-08-12T07:34:45","slug":"eu-28-yeni-is-birligi-ile-butcesini-25-kat-artirdi","status":"publish","type":"post","link":"https:\/\/www.egemtv.com\/?p=48284","title":{"rendered":"E\u00dc, 28 yeni i\u015f birli\u011fi ile b\u00fct\u00e7esini 2,5 kat art\u0131rd\u0131"},"content":{"rendered":"<p>Ege \u00dcniversitesi, ERASMUS Plus KA171 program\u0131 kapsam\u0131nda 4 k\u0131tada 15 \u00fclkedeki 28 y\u00fcksek\u00f6\u011fretim kurumu ile yeni i\u015f birliklerine imza att\u0131. \u00dcniversite, b\u00fct\u00e7esini 2,5 kat art\u0131rarak T\u00fcrkiye\u2019de en y\u00fcksek b\u00fct\u00e7e alan 6\u2019nc\u0131 \u00fcniversite oldu.<br \/>\n<br \/>Ege \u00dcniversitesi, uluslararas\u0131la\u015fma misyonu do\u011frultusunda \u00f6nemli bir ba\u015far\u0131ya daha imza att\u0131. Y\u00fcksek\u00f6\u011fretimde Hareketlilik Projeleri (ERASMUS Plus KA171) 2025 Ba\u015fvuru D\u00f6nemi sonu\u00e7lar\u0131 a\u00e7\u0131kland\u0131. Ege \u00dcniversitesi program kapsam\u0131nda 4 k\u0131tadan, 8 b\u00f6lgede yer alan 15 \u00fclkede toplam 28 y\u00fcksek\u00f6\u011fretim kurumu ile yeni i\u015f birli\u011fi anla\u015fmalar\u0131 ger\u00e7ekle\u015ftirdi. Ege \u00dcniversitesi ayr\u0131ca ge\u00e7en y\u0131la oranla program kapsam\u0131ndaki b\u00fct\u00e7esini yakla\u015f\u0131k 2,5 kat art\u0131rarak en y\u00fcksek b\u00fct\u00e7e alan alt\u0131nc\u0131 T\u00fcrk \u00fcniversitesi oldu.<br \/>\n<br \/>Elde edilen ba\u015far\u0131dan duydu\u011fu memnuniyeti dile getiren Ege \u00dcniversitesi Rekt\u00f6r\u00fc Prof. Dr. Necdet Budak, &#8220;Uluslararas\u0131la\u015fma \u00e7al\u0131\u015fmalar\u0131m\u0131z\u0131; i\u015f birli\u011fine dayal\u0131 ara\u015ft\u0131rma projeleri,  \u00e7ift diploma programlar\u0131, yurt d\u0131\u015f\u0131 \u00fcniversite ve ara\u015ft\u0131rma merkezleri ile yap\u0131lan protokoller, bilimsel etkinlikler ba\u015fl\u0131klar\u0131 alt\u0131nda ger\u00e7ekle\u015ftiriyoruz. Erasmus Plus de\u011fi\u015fim program\u0131 ile \u00fclkemize ve \u00fcniversitemize gelen \u00f6\u011frenci say\u0131s\u0131n\u0131 art\u0131rmaya y\u00f6nelik \u00e7al\u0131\u015fmalar\u0131m\u0131z devam ediyor. Bu program kapsam\u0131nda en \u00e7ok \u00f6\u011frenci g\u00f6nderen ve alan \u00fcniversiteler aras\u0131nda zirvede yer al\u0131yoruz. ERASMUS Plus KA171 Projeleri ba\u015fvuru sonu\u00e7lar\u0131na g\u00f6re 28 yeni i\u015f birli\u011fine imza att\u0131k. 2024 y\u0131l\u0131nda 46 bin 500 Euro olan b\u00fct\u00e7emizi bu y\u0131l 108 bin 168 Euro\u2019ya \u00e7\u0131kartarak en y\u00fcksek b\u00fct\u00e7eyi elde eden \u00fcniversiteler aras\u0131nda alt\u0131nc\u0131 s\u0131raya yerle\u015ftik. Ayr\u0131ca,  T\u00fcrkiye genelinde ba\u015fvuran kurumlar aras\u0131nda y\u00fczde 4\u2019l\u00fck ba\u015far\u0131 dilimi i\u00e7inde yer alarak \u00f6nemli bir ba\u015far\u0131ya imza att\u0131k. Elde etti\u011fimiz bu ba\u015far\u0131m\u0131z, \u00fcniversitemizin uluslararas\u0131la\u015fma vizyonu do\u011frultusunda y\u00fcr\u00fct\u00fclen stratejik \u00e7al\u0131\u015fmalar\u0131n ve nitelikli proje haz\u0131rl\u0131k s\u00fcre\u00e7lerinin bir sonucudur. Uluslararas\u0131 \u00f6\u011frenci say\u0131m\u0131z\u0131 hem y\u00fckseltmek hem de \u00e7e\u015fitli\u011fini art\u0131rmak ad\u0131na \u00e7al\u0131\u015fmaya devam ediyoruz. \u00dcniversitemizin uluslararas\u0131 arenada tan\u0131n\u0131rl\u0131\u011f\u0131na ve bilinirli\u011fine sunduklar\u0131 kat\u0131lardan ve verdikleri desteklerden dolay\u0131 Y\u00fcksek\u00f6\u011fretim Kurulu Ba\u015fkan\u0131m\u0131z Say\u0131n Prof. Dr. Erol \u00d6zvar Hocam\u0131za, T\u00fcrkiye Ulusal Ajans\u0131 Ba\u015fkan\u0131 Say\u0131n \u0130lker Astarc\u0131\u2019ya ve bu ba\u015far\u0131da eme\u011fi ge\u00e7en t\u00fcm mensuplar\u0131m\u0131za te\u015fekk\u00fcr ediyorum&#8221; dedi.<\/p>\n<p>ERASMUS Plus KA171 Projesi<br \/>\n<br \/>ERASMUS Plus KA171 Projesi, y\u00fcksek\u00f6\u011fretim \u00f6\u011frenci ve personeline &#8220;ortak \u00fclke&#8221; olarak adland\u0131r\u0131lan bir \u00fclkede \u00f6\u011frenme ya da mesleki deneyim edinme imk\u00e2n\u0131 sunan bir proje \u00e7e\u015fidi olarak biliniyor. Projenin ama\u00e7lar\u0131 aras\u0131nda; ortak \u00fclkelerle i\u015f birli\u011fi arac\u0131l\u0131\u011f\u0131 ile g\u00fc\u00e7l\u00fc bir uluslararas\u0131 boyut elde etmek, Avrupa\u2019da y\u00fcksek\u00f6\u011fretime olan ilgiyi art\u0131rmak ve Avrupal\u0131 y\u00fcksek\u00f6\u011fretim kurumlar\u0131n\u0131n d\u00fcnya \u00e7ap\u0131nda y\u00fcksek\u00f6\u011fretim piyasas\u0131nda rekabet edebilirli\u011fini desteklemek, ortak \u00fclkelerin geli\u015fimini te\u015fvik etmek amac\u0131 ile Avrupa d\u0131\u015f\u0131ndaki y\u00fcksek\u00f6\u011fretim kurumlar\u0131n\u0131n uluslararas\u0131la\u015fmas\u0131na ve modernizasyonuna destek vermek gibi hedefler yer al\u0131yor.<br \/><\/p>\n","protected":false},"excerpt":{"rendered":"<p>Ege \u00dcniversitesi, ERASMUS Plus KA171 program\u0131 kapsam\u0131nda 4 k\u0131tada 15 \u00fclkedeki 28 y\u00fcksek\u00f6\u011fretim kurumu ile yeni i\u015f birliklerine imza att\u0131. \u00dcniversite, b\u00fct\u00e7esini 2,5 kat art\u0131rarak T\u00fcrkiye\u2019de en y\u00fcksek b\u00fct\u00e7e alan 6\u2019nc\u0131 \u00fcniversite oldu. Ege \u00dcniversitesi, uluslararas\u0131la\u015fma misyonu do\u011frultusunda \u00f6nemli bir ba\u015far\u0131ya daha imza att\u0131. Y\u00fcksek\u00f6\u011fretimde Hareketlilik Projeleri (ERASMUS Plus KA171) 2025 Ba\u015fvuru D\u00f6nemi sonu\u00e7lar\u0131 a\u00e7\u0131kland\u0131&#8230;.<\/p>\n","protected":false},"author":1,"featured_media":48285,"comment_status":"open","ping_status":"open","sticky":false,"template":"","format":"standard","meta":{"_crdt_document":"","footnotes":""},"categories":[1],"tags":[],"class_list":["post-48284","post","type-post","status-publish","format-standard","has-post-thumbnail","hentry","category-guncel"],"_links":{"self":[{"href":"https:\/\/www.egemtv.com\/index.php?rest_route=\/wp\/v2\/posts\/48284","targetHints":{"allow":["GET"]}}],"collection":[{"href":"https:\/\/www.egemtv.com\/index.php?rest_route=\/wp\/v2\/posts"}],"about":[{"href":"https:\/\/www.egemtv.com\/index.php?rest_route=\/wp\/v2\/types\/post"}],"author":[{"embeddable":true,"href":"https:\/\/www.egemtv.com\/index.php?rest_route=\/wp\/v2\/users\/1"}],"replies":[{"embeddable":true,"href":"https:\/\/www.egemtv.com\/index.php?rest_route=%2Fwp%2Fv2%2Fcomments&post=48284"}],"version-history":[{"count":1,"href":"https:\/\/www.egemtv.com\/index.php?rest_route=\/wp\/v2\/posts\/48284\/revisions"}],"predecessor-version":[{"id":48286,"href":"https:\/\/www.egemtv.com\/index.php?rest_route=\/wp\/v2\/posts\/48284\/revisions\/48286"}],"wp:featuredmedia":[{"embeddable":true,"href":"https:\/\/www.egemtv.com\/index.php?rest_route=\/wp\/v2\/media\/48285"}],"wp:attachment":[{"href":"https:\/\/www.egemtv.com\/index.php?rest_route=%2Fwp%2Fv2%2Fmedia&parent=48284"}],"wp:term":[{"taxonomy":"category","embeddable":true,"href":"https:\/\/www.egemtv.com\/index.php?rest_route=%2Fwp%2Fv2%2Fcategories&post=48284"},{"taxonomy":"post_tag","embeddable":true,"href":"https:\/\/www.egemtv.com\/index.php?rest_route=%2Fwp%2Fv2%2Ftags&post=48284"}],"curies":[{"name":"wp","href":"https:\/\/api.w.org\/{rel}","templated":true}]}}