{"id":48281,"date":"2025-08-12T10:34:43","date_gmt":"2025-08-12T07:34:43","guid":{"rendered":"https:\/\/www.egemtv.com\/?p=48281"},"modified":"2025-08-12T10:34:44","modified_gmt":"2025-08-12T07:34:44","slug":"milletvekili-yurdunuseven-zarar-goren-tarim-arazilerini-inceledi","status":"publish","type":"post","link":"https:\/\/www.egemtv.com\/?p=48281","title":{"rendered":"Milletvekili Yurdunuseven zarar g\u00f6ren tar\u0131m arazilerini inceledi"},"content":{"rendered":"<p>AK Parti Afyonkarahisar Milletvekili Av. \u0130brahim Yurdunuseven ge\u00e7ti\u011fimiz g\u00fcnlerde ilde etkili olan dolu ya\u011f\u0131\u015f\u0131 sonras\u0131 tar\u0131m arazilerinin zarar g\u00f6rd\u00fc\u011f\u00fc Nuribey Beldesi\u2019nde incelemelerde bulunarak hasar tespit \u00e7al\u0131\u015fmalar\u0131na kat\u0131ld\u0131.<br \/>\n<br \/>Afyonkarahisar genelinde ge\u00e7ti\u011fimiz cuma g\u00fcn\u00fc etkili olan dolu ya\u011f\u0131\u015f\u0131, ba\u015fta Nuribey Beldesi olmak \u00fczere bir\u00e7ok b\u00f6lgede tar\u0131m arazilerinde ciddi zarara yol a\u00e7t\u0131. Ya\u015fanan afetin ard\u0131ndan b\u00f6lgedeki durumu yerinde incelemek amac\u0131yla AK Parti Afyonkarahisar Milletvekili ve TBMM Divan Katip \u00dcyesi Av. \u0130brahim Yurdunuseven; AK Parti Afyonkarahisar \u0130l Ba\u015fkan\u0131 Turgay \u015eahin, Tar\u0131m \u0130l M\u00fcd\u00fcr\u00fc \u00d6zkan Parlak, Nuribey Belediye Ba\u015fkan\u0131 Halil Kaya, Belde Ba\u015fkan\u0131 \u0130smail Kaya ve \u00e7ift\u00e7ilerle birlikte sahada incelemelerde bulundu.<br \/>\n<br \/>Ziyaret s\u0131ras\u0131nda zarar g\u00f6ren tarlalarda \u00fcreticilerle g\u00f6r\u00fc\u015fen heyet, \u00e7ift\u00e7ilerin ya\u015fad\u0131\u011f\u0131 ma\u011fduriyeti dinledi. Tar\u0131m \u0130l M\u00fcd\u00fcrl\u00fc\u011f\u00fc ekiplerinin h\u0131zl\u0131 bir \u015fekilde ba\u015flatt\u0131\u011f\u0131 hasar tespit \u00e7al\u0131\u015fmalar\u0131n\u0131n devam etti\u011fini belirten Yurdunuseven\u2019, her zaman \u00fcreticilerin yan\u0131nda olduklar\u0131n\u0131 vurgulad\u0131.<br \/>\n<br \/>Milletvekili \u0130brahim Yurdunuseven, incelemelerin ard\u0131ndan yapt\u0131\u011f\u0131 a\u00e7\u0131klamada, &#8220;Tar\u0131m \u0130l M\u00fcd\u00fcrl\u00fc\u011f\u00fcm\u00fcz ivedilikle b\u00f6lgede hasar tespiti yapmas\u0131n\u0131n ard\u0131ndan \u00e7ift\u00e7ilerimizin zarar\u0131n\u0131n kar\u015f\u0131lanmas\u0131 i\u00e7in elimizden geleni yapaca\u011f\u0131z in\u015fallah. \u00dcreticimizin eme\u011fini korumak ve tar\u0131msal \u00fcretimin sekteye u\u011framamas\u0131 i\u00e7in t\u00fcm imkanlar\u0131m\u0131z\u0131 seferber edece\u011fiz&#8221; dedi.<br \/><\/p>\n","protected":false},"excerpt":{"rendered":"<p>AK Parti Afyonkarahisar Milletvekili Av. \u0130brahim Yurdunuseven ge\u00e7ti\u011fimiz g\u00fcnlerde ilde etkili olan dolu ya\u011f\u0131\u015f\u0131 sonras\u0131 tar\u0131m arazilerinin zarar g\u00f6rd\u00fc\u011f\u00fc Nuribey Beldesi\u2019nde incelemelerde bulunarak hasar tespit \u00e7al\u0131\u015fmalar\u0131na kat\u0131ld\u0131. Afyonkarahisar genelinde ge\u00e7ti\u011fimiz cuma g\u00fcn\u00fc etkili olan dolu ya\u011f\u0131\u015f\u0131, ba\u015fta Nuribey Beldesi olmak \u00fczere bir\u00e7ok b\u00f6lgede tar\u0131m arazilerinde ciddi zarara yol a\u00e7t\u0131. Ya\u015fanan afetin ard\u0131ndan b\u00f6lgedeki durumu yerinde&#8230;<\/p>\n","protected":false},"author":1,"featured_media":48282,"comment_status":"open","ping_status":"open","sticky":false,"template":"","format":"standard","meta":{"_crdt_document":"","footnotes":""},"categories":[123],"tags":[],"class_list":["post-48281","post","type-post","status-publish","format-standard","has-post-thumbnail","hentry","category-gundem"],"_links":{"self":[{"href":"https:\/\/www.egemtv.com\/index.php?rest_route=\/wp\/v2\/posts\/48281","targetHints":{"allow":["GET"]}}],"collection":[{"href":"https:\/\/www.egemtv.com\/index.php?rest_route=\/wp\/v2\/posts"}],"about":[{"href":"https:\/\/www.egemtv.com\/index.php?rest_route=\/wp\/v2\/types\/post"}],"author":[{"embeddable":true,"href":"https:\/\/www.egemtv.com\/index.php?rest_route=\/wp\/v2\/users\/1"}],"replies":[{"embeddable":true,"href":"https:\/\/www.egemtv.com\/index.php?rest_route=%2Fwp%2Fv2%2Fcomments&post=48281"}],"version-history":[{"count":1,"href":"https:\/\/www.egemtv.com\/index.php?rest_route=\/wp\/v2\/posts\/48281\/revisions"}],"predecessor-version":[{"id":48283,"href":"https:\/\/www.egemtv.com\/index.php?rest_route=\/wp\/v2\/posts\/48281\/revisions\/48283"}],"wp:featuredmedia":[{"embeddable":true,"href":"https:\/\/www.egemtv.com\/index.php?rest_route=\/wp\/v2\/media\/48282"}],"wp:attachment":[{"href":"https:\/\/www.egemtv.com\/index.php?rest_route=%2Fwp%2Fv2%2Fmedia&parent=48281"}],"wp:term":[{"taxonomy":"category","embeddable":true,"href":"https:\/\/www.egemtv.com\/index.php?rest_route=%2Fwp%2Fv2%2Fcategories&post=48281"},{"taxonomy":"post_tag","embeddable":true,"href":"https:\/\/www.egemtv.com\/index.php?rest_route=%2Fwp%2Fv2%2Ftags&post=48281"}],"curies":[{"name":"wp","href":"https:\/\/api.w.org\/{rel}","templated":true}]}}