{"id":48278,"date":"2025-08-12T09:55:03","date_gmt":"2025-08-12T06:55:03","guid":{"rendered":"https:\/\/www.egemtv.com\/?p=48278"},"modified":"2025-08-12T09:55:04","modified_gmt":"2025-08-12T06:55:04","slug":"baskan-cercioglu-ile-aydinli-minikler-keman-ogreniyor","status":"publish","type":"post","link":"https:\/\/www.egemtv.com\/?p=48278","title":{"rendered":"Ba\u015fkan \u00c7er\u00e7io\u011flu ile Ayd\u0131nl\u0131 minikler keman \u00f6\u011freniyor"},"content":{"rendered":"<p>Ayd\u0131n B\u00fcy\u00fck\u015fehir Belediyesi\u2019nin yaz kurslar\u0131 kapsam\u0131nda d\u00fczenledi\u011fi keman e\u011fitimleri, m\u00fczi\u011fe ilgi duyan \u00e7ocuklara ve gen\u00e7lere sanatsal geli\u015fim imkan\u0131 sunuyor. Klasik m\u00fczi\u011fin zarif t\u0131n\u0131lar\u0131 e\u015fli\u011finde ger\u00e7ekle\u015fen kurslarda Ayd\u0131nl\u0131 minikler, keman\u0131n temel tekniklerini \u00f6\u011frenirken m\u00fczi\u011fin evrensel diliyle de tan\u0131\u015f\u0131yor.<\/p>\n<p>\u00dccretsiz olarak sunulan keman kurslar\u0131nda \u00e7ocuklar ilk kez notalarla bulu\u015fman\u0131n heyecan\u0131n\u0131 ya\u015farken, birlikte \u00e7alma ve \u00fcretme k\u00fclt\u00fcr\u00fcn\u00fc de deneyimliyor. Derslerde \u00f6\u011frenilen eserler, gen\u00e7 yeteneklerin hem \u00f6zg\u00fcvenini art\u0131r\u0131yor hem de sanatla olan ba\u011flar\u0131n\u0131 kuvvetlendiriyor. Sanat\u0131n \u00e7ocuklar\u0131n geli\u015fiminde b\u00fcy\u00fck rol oynad\u0131\u011f\u0131n\u0131 vurgulayan Ayd\u0131n B\u00fcy\u00fck\u015fehir Belediye Ba\u015fkan\u0131 \u00d6zlem \u00c7er\u00e7io\u011flu, &#8220;Yaz kurslar\u0131m\u0131zla \u00e7ocuklar\u0131m\u0131z\u0131n hem yeni beceriler edinmesini hem de tatillerini en verimli \u015fekilde de\u011ferlendirmelerini sa\u011fl\u0131yoruz. Keman kurslar\u0131m\u0131z ise \u00e7ocuklar\u0131m\u0131z\u0131n d\u00fcnyaya ba\u015fka bir g\u00f6zle bakmalar\u0131na yard\u0131mc\u0131 oluyor. \u00c7ocuklar\u0131m\u0131z i\u00e7in destekleyici e\u011fitimlerimizi s\u00fcrd\u00fcrece\u011fiz&#8221; dedi.<\/p>\n<p>Veliler ise kurslardan memnuniyet duyduklar\u0131n\u0131 belirterek Ayd\u0131n B\u00fcy\u00fck\u015fehir Belediyesi\u2019ne ve Ba\u015fkan \u00c7er\u00e7io\u011flu\u2019na te\u015fekk\u00fcr etti.<br \/><\/p>\n","protected":false},"excerpt":{"rendered":"<p>Ayd\u0131n B\u00fcy\u00fck\u015fehir Belediyesi\u2019nin yaz kurslar\u0131 kapsam\u0131nda d\u00fczenledi\u011fi keman e\u011fitimleri, m\u00fczi\u011fe ilgi duyan \u00e7ocuklara ve gen\u00e7lere sanatsal geli\u015fim imkan\u0131 sunuyor. Klasik m\u00fczi\u011fin zarif t\u0131n\u0131lar\u0131 e\u015fli\u011finde ger\u00e7ekle\u015fen kurslarda Ayd\u0131nl\u0131 minikler, keman\u0131n temel tekniklerini \u00f6\u011frenirken m\u00fczi\u011fin evrensel diliyle de tan\u0131\u015f\u0131yor. \u00dccretsiz olarak sunulan keman kurslar\u0131nda \u00e7ocuklar ilk kez notalarla bulu\u015fman\u0131n heyecan\u0131n\u0131 ya\u015farken, birlikte \u00e7alma ve \u00fcretme k\u00fclt\u00fcr\u00fcn\u00fc de&#8230;<\/p>\n","protected":false},"author":1,"featured_media":48279,"comment_status":"open","ping_status":"open","sticky":false,"template":"","format":"standard","meta":{"_crdt_document":"","footnotes":""},"categories":[1],"tags":[],"class_list":["post-48278","post","type-post","status-publish","format-standard","has-post-thumbnail","hentry","category-guncel"],"_links":{"self":[{"href":"https:\/\/www.egemtv.com\/index.php?rest_route=\/wp\/v2\/posts\/48278","targetHints":{"allow":["GET"]}}],"collection":[{"href":"https:\/\/www.egemtv.com\/index.php?rest_route=\/wp\/v2\/posts"}],"about":[{"href":"https:\/\/www.egemtv.com\/index.php?rest_route=\/wp\/v2\/types\/post"}],"author":[{"embeddable":true,"href":"https:\/\/www.egemtv.com\/index.php?rest_route=\/wp\/v2\/users\/1"}],"replies":[{"embeddable":true,"href":"https:\/\/www.egemtv.com\/index.php?rest_route=%2Fwp%2Fv2%2Fcomments&post=48278"}],"version-history":[{"count":1,"href":"https:\/\/www.egemtv.com\/index.php?rest_route=\/wp\/v2\/posts\/48278\/revisions"}],"predecessor-version":[{"id":48280,"href":"https:\/\/www.egemtv.com\/index.php?rest_route=\/wp\/v2\/posts\/48278\/revisions\/48280"}],"wp:featuredmedia":[{"embeddable":true,"href":"https:\/\/www.egemtv.com\/index.php?rest_route=\/wp\/v2\/media\/48279"}],"wp:attachment":[{"href":"https:\/\/www.egemtv.com\/index.php?rest_route=%2Fwp%2Fv2%2Fmedia&parent=48278"}],"wp:term":[{"taxonomy":"category","embeddable":true,"href":"https:\/\/www.egemtv.com\/index.php?rest_route=%2Fwp%2Fv2%2Fcategories&post=48278"},{"taxonomy":"post_tag","embeddable":true,"href":"https:\/\/www.egemtv.com\/index.php?rest_route=%2Fwp%2Fv2%2Ftags&post=48278"}],"curies":[{"name":"wp","href":"https:\/\/api.w.org\/{rel}","templated":true}]}}