{"id":48275,"date":"2025-08-12T09:55:02","date_gmt":"2025-08-12T06:55:02","guid":{"rendered":"https:\/\/www.egemtv.com\/?p=48275"},"modified":"2025-08-12T09:55:03","modified_gmt":"2025-08-12T06:55:03","slug":"izmirde-11-yil-hapis-cezasiyla-aranan-sahis-yakalandi","status":"publish","type":"post","link":"https:\/\/www.egemtv.com\/?p=48275","title":{"rendered":"\u0130zmir\u2019de 11 y\u0131l hapis cezas\u0131yla aranan \u015fah\u0131s yakaland\u0131"},"content":{"rendered":"<p>\u0130zmir\u2019de bir\u00e7ok su\u00e7tan hakk\u0131nda 11 y\u0131l kesinle\u015fmi\u015f hapis cezas\u0131 bulunan \u015fah\u0131s, polis ekiplerince yakalan\u0131p cezaevine g\u00f6nderildi.<br \/>\n<br \/>Edinilen bilgiye g\u00f6re, Asayi\u015f \u015eube M\u00fcd\u00fcrl\u00fc\u011f\u00fc ekiplerince aranan \u015fah\u0131slar\u0131n yakalanmas\u0131na y\u00f6nelik uygulama ger\u00e7ekle\u015ftirildi. \u00c7al\u0131\u015fmalarda &#8220;H\u00fck\u00fcml\u00fc ve tutuklunun ka\u00e7mas\u0131, uyu\u015fturucu veya uyar\u0131c\u0131 madde sat\u0131n almak ve kullanmak, silahla ya\u011fma, h\u0131rs\u0131zl\u0131k&#8221; su\u00e7lar\u0131ndan 11 y\u0131l 1 ay 6 g\u00fcn kesinle\u015fmi\u015f hapis cezas\u0131yla aranan \u015e.B., polis ekiplerince yakalan\u0131p g\u00f6zalt\u0131na al\u0131nd\u0131. Emniyetteki i\u015flemleri ard\u0131ndan adli mercilere sevk edilen \u015e.B., tutuklanarak cezaevine g\u00f6nderildi.<br \/><\/p>\n","protected":false},"excerpt":{"rendered":"<p>\u0130zmir\u2019de bir\u00e7ok su\u00e7tan hakk\u0131nda 11 y\u0131l kesinle\u015fmi\u015f hapis cezas\u0131 bulunan \u015fah\u0131s, polis ekiplerince yakalan\u0131p cezaevine g\u00f6nderildi. Edinilen bilgiye g\u00f6re, Asayi\u015f \u015eube M\u00fcd\u00fcrl\u00fc\u011f\u00fc ekiplerince aranan \u015fah\u0131slar\u0131n yakalanmas\u0131na y\u00f6nelik uygulama ger\u00e7ekle\u015ftirildi. \u00c7al\u0131\u015fmalarda &#8220;H\u00fck\u00fcml\u00fc ve tutuklunun ka\u00e7mas\u0131, uyu\u015fturucu veya uyar\u0131c\u0131 madde sat\u0131n almak ve kullanmak, silahla ya\u011fma, h\u0131rs\u0131zl\u0131k&#8221; su\u00e7lar\u0131ndan 11 y\u0131l 1 ay 6 g\u00fcn kesinle\u015fmi\u015f hapis cezas\u0131yla&#8230;<\/p>\n","protected":false},"author":1,"featured_media":48276,"comment_status":"open","ping_status":"open","sticky":false,"template":"","format":"standard","meta":{"_crdt_document":"","footnotes":""},"categories":[5],"tags":[],"class_list":["post-48275","post","type-post","status-publish","format-standard","has-post-thumbnail","hentry","category-asayis"],"_links":{"self":[{"href":"https:\/\/www.egemtv.com\/index.php?rest_route=\/wp\/v2\/posts\/48275","targetHints":{"allow":["GET"]}}],"collection":[{"href":"https:\/\/www.egemtv.com\/index.php?rest_route=\/wp\/v2\/posts"}],"about":[{"href":"https:\/\/www.egemtv.com\/index.php?rest_route=\/wp\/v2\/types\/post"}],"author":[{"embeddable":true,"href":"https:\/\/www.egemtv.com\/index.php?rest_route=\/wp\/v2\/users\/1"}],"replies":[{"embeddable":true,"href":"https:\/\/www.egemtv.com\/index.php?rest_route=%2Fwp%2Fv2%2Fcomments&post=48275"}],"version-history":[{"count":1,"href":"https:\/\/www.egemtv.com\/index.php?rest_route=\/wp\/v2\/posts\/48275\/revisions"}],"predecessor-version":[{"id":48277,"href":"https:\/\/www.egemtv.com\/index.php?rest_route=\/wp\/v2\/posts\/48275\/revisions\/48277"}],"wp:featuredmedia":[{"embeddable":true,"href":"https:\/\/www.egemtv.com\/index.php?rest_route=\/wp\/v2\/media\/48276"}],"wp:attachment":[{"href":"https:\/\/www.egemtv.com\/index.php?rest_route=%2Fwp%2Fv2%2Fmedia&parent=48275"}],"wp:term":[{"taxonomy":"category","embeddable":true,"href":"https:\/\/www.egemtv.com\/index.php?rest_route=%2Fwp%2Fv2%2Fcategories&post=48275"},{"taxonomy":"post_tag","embeddable":true,"href":"https:\/\/www.egemtv.com\/index.php?rest_route=%2Fwp%2Fv2%2Ftags&post=48275"}],"curies":[{"name":"wp","href":"https:\/\/api.w.org\/{rel}","templated":true}]}}