{"id":48272,"date":"2025-08-12T09:55:01","date_gmt":"2025-08-12T06:55:01","guid":{"rendered":"https:\/\/www.egemtv.com\/?p=48272"},"modified":"2025-08-12T09:55:01","modified_gmt":"2025-08-12T06:55:01","slug":"baskan-cercioglundan-cineye-yol-yaptirimi","status":"publish","type":"post","link":"https:\/\/www.egemtv.com\/?p=48272","title":{"rendered":"Ba\u015fkan \u00c7er\u00e7io\u011flu\u2019ndan \u00c7ine\u2019ye yol yapt\u0131r\u0131m\u0131"},"content":{"rendered":"<p>Ayd\u0131n B\u00fcy\u00fck\u015fehir Belediyesi, \u015fehir merkeziyle birlikte k\u0131rsal mahallelerde de ula\u015f\u0131m\u0131 iyile\u015ftiren yat\u0131r\u0131mlar\u0131na t\u00fcm h\u0131z\u0131yla devam ediyor. Bu kapsamda B\u00fcy\u00fck\u015fehir Belediyesi, \u00c7ine il\u00e7esi Karg\u0131, Akdam, Kahraman ve Kabata\u015f Mahalleleri aras\u0131ndaki yolda yenileme \u00e7al\u0131\u015fmalar\u0131na ba\u015flad\u0131.<\/p>\n<p>Fen \u0130\u015fleri Dairesi Ba\u015fkanl\u0131\u011f\u0131 ekipleri taraf\u0131ndan y\u00fcr\u00fct\u00fclen \u00e7al\u0131\u015fmalarda, yolun zemini g\u00fc\u00e7lendiriliyor ve sathi kaplama ile daha g\u00fcvenli bir ula\u015f\u0131m altyap\u0131s\u0131 olu\u015fturuluyor. Ayd\u0131n B\u00fcy\u00fck\u015fehir Belediye Ba\u015fkan\u0131 \u00d6zlem \u00c7er\u00e7io\u011flu, yap\u0131lan \u00e7al\u0131\u015fmalar\u0131n kesintisiz s\u00fcrd\u00fc\u011f\u00fcn\u00fc belirterek, &#8220;Hem \u00fcreticilerimiz hem de vatanda\u015flar\u0131m\u0131z i\u00e7in hizmetlerimize devam ediyoruz. 17 il\u00e7emizin tamam\u0131nda yat\u0131r\u0131mlar\u0131m\u0131z\u0131 s\u00fcrd\u00fcrece\u011fiz&#8221; ifadelerini kulland\u0131.<br \/><\/p>\n","protected":false},"excerpt":{"rendered":"<p>Ayd\u0131n B\u00fcy\u00fck\u015fehir Belediyesi, \u015fehir merkeziyle birlikte k\u0131rsal mahallelerde de ula\u015f\u0131m\u0131 iyile\u015ftiren yat\u0131r\u0131mlar\u0131na t\u00fcm h\u0131z\u0131yla devam ediyor. Bu kapsamda B\u00fcy\u00fck\u015fehir Belediyesi, \u00c7ine il\u00e7esi Karg\u0131, Akdam, Kahraman ve Kabata\u015f Mahalleleri aras\u0131ndaki yolda yenileme \u00e7al\u0131\u015fmalar\u0131na ba\u015flad\u0131. Fen \u0130\u015fleri Dairesi Ba\u015fkanl\u0131\u011f\u0131 ekipleri taraf\u0131ndan y\u00fcr\u00fct\u00fclen \u00e7al\u0131\u015fmalarda, yolun zemini g\u00fc\u00e7lendiriliyor ve sathi kaplama ile daha g\u00fcvenli bir ula\u015f\u0131m altyap\u0131s\u0131 olu\u015fturuluyor. Ayd\u0131n&#8230;<\/p>\n","protected":false},"author":1,"featured_media":48273,"comment_status":"open","ping_status":"open","sticky":false,"template":"","format":"standard","meta":{"_crdt_document":"","footnotes":""},"categories":[1],"tags":[],"class_list":["post-48272","post","type-post","status-publish","format-standard","has-post-thumbnail","hentry","category-guncel"],"_links":{"self":[{"href":"https:\/\/www.egemtv.com\/index.php?rest_route=\/wp\/v2\/posts\/48272","targetHints":{"allow":["GET"]}}],"collection":[{"href":"https:\/\/www.egemtv.com\/index.php?rest_route=\/wp\/v2\/posts"}],"about":[{"href":"https:\/\/www.egemtv.com\/index.php?rest_route=\/wp\/v2\/types\/post"}],"author":[{"embeddable":true,"href":"https:\/\/www.egemtv.com\/index.php?rest_route=\/wp\/v2\/users\/1"}],"replies":[{"embeddable":true,"href":"https:\/\/www.egemtv.com\/index.php?rest_route=%2Fwp%2Fv2%2Fcomments&post=48272"}],"version-history":[{"count":1,"href":"https:\/\/www.egemtv.com\/index.php?rest_route=\/wp\/v2\/posts\/48272\/revisions"}],"predecessor-version":[{"id":48274,"href":"https:\/\/www.egemtv.com\/index.php?rest_route=\/wp\/v2\/posts\/48272\/revisions\/48274"}],"wp:featuredmedia":[{"embeddable":true,"href":"https:\/\/www.egemtv.com\/index.php?rest_route=\/wp\/v2\/media\/48273"}],"wp:attachment":[{"href":"https:\/\/www.egemtv.com\/index.php?rest_route=%2Fwp%2Fv2%2Fmedia&parent=48272"}],"wp:term":[{"taxonomy":"category","embeddable":true,"href":"https:\/\/www.egemtv.com\/index.php?rest_route=%2Fwp%2Fv2%2Fcategories&post=48272"},{"taxonomy":"post_tag","embeddable":true,"href":"https:\/\/www.egemtv.com\/index.php?rest_route=%2Fwp%2Fv2%2Ftags&post=48272"}],"curies":[{"name":"wp","href":"https:\/\/api.w.org\/{rel}","templated":true}]}}