{"id":48260,"date":"2025-08-12T09:35:06","date_gmt":"2025-08-12T06:35:06","guid":{"rendered":"https:\/\/www.egemtv.com\/?p=48260"},"modified":"2025-08-12T09:35:06","modified_gmt":"2025-08-12T06:35:06","slug":"kutahyali-minik-kurascilardan-gururlandiran-basari","status":"publish","type":"post","link":"https:\/\/www.egemtv.com\/?p=48260","title":{"rendered":"K\u00fctahyal\u0131 minik kura\u015f\u00e7\u0131lardan gururland\u0131ran ba\u015far\u0131"},"content":{"rendered":"<p>Sinop\u2019un Gerze il\u00e7esinde d\u00fczenlenen Minikler Kura\u015f T\u00fcrkiye \u015eampiyonas\u0131\u2019nda K\u00fctahyal\u0131 minik sporcular \u00f6nemli ba\u015far\u0131lara imza att\u0131.<br \/>\n<br \/>K\u00fctahyal\u0131 sporculardan Toprak Erda\u015f T\u00fcrkiye 2\u2019ncisi, Tar\u0131k \u00d6zt\u00fcrk T\u00fcrkiye 3\u2019\u00fcnc\u00fcs\u00fc ve Azra Y\u0131ld\u0131r\u0131m T\u00fcrkiye 5\u2019incisi olarak K\u00fctahya\u2019y\u0131 gururland\u0131rd\u0131. Judo antren\u00f6r\u00fc \u0130smail Kevzer, &#8220;Bizlere her t\u00fcrl\u00fc deste\u011fi veren ba\u015fta Gen\u00e7lik Spor \u0130l M\u00fcd\u00fcrl\u00fc\u011f\u00fcne, bize g\u00fcvenen ve inanan herkese \u00e7ok te\u015fekk\u00fcr ederim&#8221; ifadelerini kulland\u0131.<br \/><\/p>\n","protected":false},"excerpt":{"rendered":"<p>Sinop\u2019un Gerze il\u00e7esinde d\u00fczenlenen Minikler Kura\u015f T\u00fcrkiye \u015eampiyonas\u0131\u2019nda K\u00fctahyal\u0131 minik sporcular \u00f6nemli ba\u015far\u0131lara imza att\u0131. K\u00fctahyal\u0131 sporculardan Toprak Erda\u015f T\u00fcrkiye 2\u2019ncisi, Tar\u0131k \u00d6zt\u00fcrk T\u00fcrkiye 3\u2019\u00fcnc\u00fcs\u00fc ve Azra Y\u0131ld\u0131r\u0131m T\u00fcrkiye 5\u2019incisi olarak K\u00fctahya\u2019y\u0131 gururland\u0131rd\u0131. Judo antren\u00f6r\u00fc \u0130smail Kevzer, &#8220;Bizlere her t\u00fcrl\u00fc deste\u011fi veren ba\u015fta Gen\u00e7lik Spor \u0130l M\u00fcd\u00fcrl\u00fc\u011f\u00fcne, bize g\u00fcvenen ve inanan herkese \u00e7ok te\u015fekk\u00fcr ederim&#8221;&#8230;<\/p>\n","protected":false},"author":1,"featured_media":48261,"comment_status":"open","ping_status":"open","sticky":false,"template":"","format":"standard","meta":{"_crdt_document":"","footnotes":""},"categories":[4],"tags":[],"class_list":["post-48260","post","type-post","status-publish","format-standard","has-post-thumbnail","hentry","category-spor"],"_links":{"self":[{"href":"https:\/\/www.egemtv.com\/index.php?rest_route=\/wp\/v2\/posts\/48260","targetHints":{"allow":["GET"]}}],"collection":[{"href":"https:\/\/www.egemtv.com\/index.php?rest_route=\/wp\/v2\/posts"}],"about":[{"href":"https:\/\/www.egemtv.com\/index.php?rest_route=\/wp\/v2\/types\/post"}],"author":[{"embeddable":true,"href":"https:\/\/www.egemtv.com\/index.php?rest_route=\/wp\/v2\/users\/1"}],"replies":[{"embeddable":true,"href":"https:\/\/www.egemtv.com\/index.php?rest_route=%2Fwp%2Fv2%2Fcomments&post=48260"}],"version-history":[{"count":1,"href":"https:\/\/www.egemtv.com\/index.php?rest_route=\/wp\/v2\/posts\/48260\/revisions"}],"predecessor-version":[{"id":48262,"href":"https:\/\/www.egemtv.com\/index.php?rest_route=\/wp\/v2\/posts\/48260\/revisions\/48262"}],"wp:featuredmedia":[{"embeddable":true,"href":"https:\/\/www.egemtv.com\/index.php?rest_route=\/wp\/v2\/media\/48261"}],"wp:attachment":[{"href":"https:\/\/www.egemtv.com\/index.php?rest_route=%2Fwp%2Fv2%2Fmedia&parent=48260"}],"wp:term":[{"taxonomy":"category","embeddable":true,"href":"https:\/\/www.egemtv.com\/index.php?rest_route=%2Fwp%2Fv2%2Fcategories&post=48260"},{"taxonomy":"post_tag","embeddable":true,"href":"https:\/\/www.egemtv.com\/index.php?rest_route=%2Fwp%2Fv2%2Ftags&post=48260"}],"curies":[{"name":"wp","href":"https:\/\/api.w.org\/{rel}","templated":true}]}}