{"id":48254,"date":"2025-08-12T09:35:04","date_gmt":"2025-08-12T06:35:04","guid":{"rendered":"https:\/\/www.egemtv.com\/?p=48254"},"modified":"2025-08-12T09:35:05","modified_gmt":"2025-08-12T06:35:05","slug":"belediye-personeline-saglikli-yasam-akademisi-egitimi","status":"publish","type":"post","link":"https:\/\/www.egemtv.com\/?p=48254","title":{"rendered":"Belediye personeline \u2019Sa\u011fl\u0131kl\u0131 Ya\u015fam Akademisi\u2019 e\u011fitimi"},"content":{"rendered":"<p>K\u00fctahya \u0130l Sa\u011fl\u0131k M\u00fcd\u00fcrl\u00fc\u011f\u00fc taraf\u0131ndan K\u00fctahya Belediyesi personeline y\u00f6nelik olarak d\u00fczenlenen &#8220;Sa\u011fl\u0131kl\u0131 Ya\u015fam Akademisi&#8221; e\u011fitimi konferans salonunda ger\u00e7ekle\u015ftirildi.<br \/>\n<br \/>Belediye personelinin dikkatle takip etti\u011fi programda, Sa\u011fl\u0131kl\u0131 Hayat Merkezi yetkilileri Psikolog Nazl\u0131 Akba\u015f, Fizyoterapist \u00c7a\u011fr\u0131 Delibay, Diyetisyen C\u00fcneyt Alperen Makas ve Di\u015f Hekimi Abdullah Acil taraf\u0131ndan sa\u011fl\u0131kl\u0131 ya\u015fam\u0131n farkl\u0131 boyutlar\u0131na ili\u015fkin kapsaml\u0131 bilgiler payla\u015f\u0131ld\u0131.<br \/>\n<br \/>E\u011fitim kapsam\u0131nda; sa\u011fl\u0131k okuryazarl\u0131\u011f\u0131, dengeli ve sa\u011fl\u0131kl\u0131 beslenme al\u0131\u015fkanl\u0131klar\u0131, fizik tedavi uygulamalar\u0131, iskelet ve kas sa\u011fl\u0131\u011f\u0131n\u0131n korunmas\u0131, ruh sa\u011fl\u0131\u011f\u0131 ve psikoloji, kayg\u0131 bozuklu\u011fu gibi sa\u011fl\u0131k konular\u0131 ile a\u011f\u0131z ve di\u015f sa\u011fl\u0131\u011f\u0131 \u00fczerine kapsaml\u0131 bilgilendirmeler yap\u0131ld\u0131.<br \/>\n<br \/>Personeller ger\u00e7ekle\u015ftirilen \u00e7ok y\u00f6nl\u00fc e\u011fitimde edindi\u011fi teorik bilgilerle, g\u00fcnl\u00fck ya\u015famda sa\u011fl\u0131\u011f\u0131 koruma ve geli\u015ftirme yollar\u0131 konusunda fark\u0131ndal\u0131k kazand\u0131.<br \/><\/p>\n","protected":false},"excerpt":{"rendered":"<p>K\u00fctahya \u0130l Sa\u011fl\u0131k M\u00fcd\u00fcrl\u00fc\u011f\u00fc taraf\u0131ndan K\u00fctahya Belediyesi personeline y\u00f6nelik olarak d\u00fczenlenen &#8220;Sa\u011fl\u0131kl\u0131 Ya\u015fam Akademisi&#8221; e\u011fitimi konferans salonunda ger\u00e7ekle\u015ftirildi. Belediye personelinin dikkatle takip etti\u011fi programda, Sa\u011fl\u0131kl\u0131 Hayat Merkezi yetkilileri Psikolog Nazl\u0131 Akba\u015f, Fizyoterapist \u00c7a\u011fr\u0131 Delibay, Diyetisyen C\u00fcneyt Alperen Makas ve Di\u015f Hekimi Abdullah Acil taraf\u0131ndan sa\u011fl\u0131kl\u0131 ya\u015fam\u0131n farkl\u0131 boyutlar\u0131na ili\u015fkin kapsaml\u0131 bilgiler payla\u015f\u0131ld\u0131. E\u011fitim kapsam\u0131nda; sa\u011fl\u0131k&#8230;<\/p>\n","protected":false},"author":1,"featured_media":48255,"comment_status":"open","ping_status":"open","sticky":false,"template":"","format":"standard","meta":{"_crdt_document":"","footnotes":""},"categories":[2],"tags":[],"class_list":["post-48254","post","type-post","status-publish","format-standard","has-post-thumbnail","hentry","category-saglik"],"_links":{"self":[{"href":"https:\/\/www.egemtv.com\/index.php?rest_route=\/wp\/v2\/posts\/48254","targetHints":{"allow":["GET"]}}],"collection":[{"href":"https:\/\/www.egemtv.com\/index.php?rest_route=\/wp\/v2\/posts"}],"about":[{"href":"https:\/\/www.egemtv.com\/index.php?rest_route=\/wp\/v2\/types\/post"}],"author":[{"embeddable":true,"href":"https:\/\/www.egemtv.com\/index.php?rest_route=\/wp\/v2\/users\/1"}],"replies":[{"embeddable":true,"href":"https:\/\/www.egemtv.com\/index.php?rest_route=%2Fwp%2Fv2%2Fcomments&post=48254"}],"version-history":[{"count":1,"href":"https:\/\/www.egemtv.com\/index.php?rest_route=\/wp\/v2\/posts\/48254\/revisions"}],"predecessor-version":[{"id":48256,"href":"https:\/\/www.egemtv.com\/index.php?rest_route=\/wp\/v2\/posts\/48254\/revisions\/48256"}],"wp:featuredmedia":[{"embeddable":true,"href":"https:\/\/www.egemtv.com\/index.php?rest_route=\/wp\/v2\/media\/48255"}],"wp:attachment":[{"href":"https:\/\/www.egemtv.com\/index.php?rest_route=%2Fwp%2Fv2%2Fmedia&parent=48254"}],"wp:term":[{"taxonomy":"category","embeddable":true,"href":"https:\/\/www.egemtv.com\/index.php?rest_route=%2Fwp%2Fv2%2Fcategories&post=48254"},{"taxonomy":"post_tag","embeddable":true,"href":"https:\/\/www.egemtv.com\/index.php?rest_route=%2Fwp%2Fv2%2Ftags&post=48254"}],"curies":[{"name":"wp","href":"https:\/\/api.w.org\/{rel}","templated":true}]}}