{"id":48251,"date":"2025-08-12T09:35:04","date_gmt":"2025-08-12T06:35:04","guid":{"rendered":"https:\/\/www.egemtv.com\/?p=48251"},"modified":"2025-08-12T09:35:04","modified_gmt":"2025-08-12T06:35:04","slug":"yoncalida-vatandaslar-acik-hava-sinemasinin-keyfini-cikardi","status":"publish","type":"post","link":"https:\/\/www.egemtv.com\/?p=48251","title":{"rendered":"Yoncal\u0131\u2019da vatanda\u015flar a\u00e7\u0131k hava sinemas\u0131n\u0131n keyfini \u00e7\u0131kard\u0131"},"content":{"rendered":"<p>K\u00fctahya Belediyesi taraf\u0131ndan 2025 S\u0131tk\u0131 Ol\u00e7ar K\u00fclt\u00fcr ve Sanat Sezonu kapsam\u0131nda d\u00fczenlenen ve K\u00fctahya Belediye Ba\u015fkan\u0131 Ey\u00fcp Kahveci\u2019nin kat\u0131l\u0131m\u0131yla ger\u00e7ekle\u015fen a\u00e7\u0131k hava sinemas\u0131 etkinli\u011finde, 1974 yap\u0131m\u0131 komedi filmi &#8220;Salako&#8221; vatanda\u015flarla bulu\u015ftu.<br \/>\n<br \/>Yoncal\u0131 Meydan\u0131\u2019nda yo\u011fun ilgi ve kat\u0131l\u0131mla ger\u00e7ekle\u015fen etkinlikte, kadrosunda Kemal Sunal, Meral Zeren, \u0130hsan Y\u00fcce, Feridun \u00c7\u00f6lge\u00e7en, Oktar Durukan gibi de\u011ferli oyuncular\u0131n yer ald\u0131\u011f\u0131, At\u0131f Y\u0131lmaz taraf\u0131ndan y\u00f6netilen filmle vatanda\u015flar a\u00e7\u0131k havada sineman\u0131n tad\u0131n\u0131 doyas\u0131ya \u00e7\u0131kard\u0131.<br \/>\n<br \/>Babas\u0131n\u0131n Emine\u2019yi sevmedi\u011fi bir adamla evlendirmeye \u00e7al\u0131\u015fmas\u0131yla geli\u015fen olaylar\u0131 anlatan filmin g\u00f6steriminde, K\u00fctahya Belediyesi taraf\u0131ndan yap\u0131lan ikramlarla keyifli bir ak\u015fam ge\u00e7iren vatanda\u015flar, bu t\u00fcr faaliyetlerin yaz ak\u015famlar\u0131na ayr\u0131 bir de\u011fer katt\u0131\u011f\u0131n\u0131 belirterek \u015fehrimizin farkl\u0131 noktalar\u0131nda da devam etmesi y\u00f6n\u00fcndeki taleplerini iletti ve duyduklar\u0131 memnuniyeti dile getirdi.<br \/>\n<br \/>K\u00fclt\u00fcr sanat faaliyetlerine verdi\u011fi \u00f6nemi bir kez daha ifade eden Belediye Ba\u015fkan\u0131 Ey\u00fcp Kahveci, film g\u00f6steriminin sonunda vatanda\u015flarla tek tek ilgilenerek, keyifli sohbetler ger\u00e7ekle\u015ftirdi.<br \/><\/p>\n","protected":false},"excerpt":{"rendered":"<p>K\u00fctahya Belediyesi taraf\u0131ndan 2025 S\u0131tk\u0131 Ol\u00e7ar K\u00fclt\u00fcr ve Sanat Sezonu kapsam\u0131nda d\u00fczenlenen ve K\u00fctahya Belediye Ba\u015fkan\u0131 Ey\u00fcp Kahveci\u2019nin kat\u0131l\u0131m\u0131yla ger\u00e7ekle\u015fen a\u00e7\u0131k hava sinemas\u0131 etkinli\u011finde, 1974 yap\u0131m\u0131 komedi filmi &#8220;Salako&#8221; vatanda\u015flarla bulu\u015ftu. Yoncal\u0131 Meydan\u0131\u2019nda yo\u011fun ilgi ve kat\u0131l\u0131mla ger\u00e7ekle\u015fen etkinlikte, kadrosunda Kemal Sunal, Meral Zeren, \u0130hsan Y\u00fcce, Feridun \u00c7\u00f6lge\u00e7en, Oktar Durukan gibi de\u011ferli oyuncular\u0131n yer ald\u0131\u011f\u0131,&#8230;<\/p>\n","protected":false},"author":1,"featured_media":48252,"comment_status":"open","ping_status":"open","sticky":false,"template":"","format":"standard","meta":{"_crdt_document":"","footnotes":""},"categories":[123],"tags":[],"class_list":["post-48251","post","type-post","status-publish","format-standard","has-post-thumbnail","hentry","category-gundem"],"_links":{"self":[{"href":"https:\/\/www.egemtv.com\/index.php?rest_route=\/wp\/v2\/posts\/48251","targetHints":{"allow":["GET"]}}],"collection":[{"href":"https:\/\/www.egemtv.com\/index.php?rest_route=\/wp\/v2\/posts"}],"about":[{"href":"https:\/\/www.egemtv.com\/index.php?rest_route=\/wp\/v2\/types\/post"}],"author":[{"embeddable":true,"href":"https:\/\/www.egemtv.com\/index.php?rest_route=\/wp\/v2\/users\/1"}],"replies":[{"embeddable":true,"href":"https:\/\/www.egemtv.com\/index.php?rest_route=%2Fwp%2Fv2%2Fcomments&post=48251"}],"version-history":[{"count":1,"href":"https:\/\/www.egemtv.com\/index.php?rest_route=\/wp\/v2\/posts\/48251\/revisions"}],"predecessor-version":[{"id":48253,"href":"https:\/\/www.egemtv.com\/index.php?rest_route=\/wp\/v2\/posts\/48251\/revisions\/48253"}],"wp:featuredmedia":[{"embeddable":true,"href":"https:\/\/www.egemtv.com\/index.php?rest_route=\/wp\/v2\/media\/48252"}],"wp:attachment":[{"href":"https:\/\/www.egemtv.com\/index.php?rest_route=%2Fwp%2Fv2%2Fmedia&parent=48251"}],"wp:term":[{"taxonomy":"category","embeddable":true,"href":"https:\/\/www.egemtv.com\/index.php?rest_route=%2Fwp%2Fv2%2Fcategories&post=48251"},{"taxonomy":"post_tag","embeddable":true,"href":"https:\/\/www.egemtv.com\/index.php?rest_route=%2Fwp%2Fv2%2Ftags&post=48251"}],"curies":[{"name":"wp","href":"https:\/\/api.w.org\/{rel}","templated":true}]}}